{"id":1343,"date":"2022-10-10T08:59:08","date_gmt":"2022-10-10T11:59:08","guid":{"rendered":"https:\/\/holhos.com.br\/blog\/?p=1343"},"modified":"2025-06-27T14:01:50","modified_gmt":"2025-06-27T17:01:50","slug":"qual-e-a-relacao-entre-miopia-em-jovens-e-a-pandemia","status":"publish","type":"post","link":"https:\/\/holhos.com.br\/blog\/qual-e-a-relacao-entre-miopia-em-jovens-e-a-pandemia\/","title":{"rendered":"Qual \u00e9 a rela\u00e7\u00e3o entre miopia em jovens e a pandemia?"},"content":{"rendered":"<p>Muitas fam\u00edlias est\u00e3o assustadas com a incid\u00eancia da ocorr\u00eancia de miopia entre crian\u00e7as de 6 e 8 anos, pois, as \u00faltimas estat\u00edsticas revelam que a patologia mais que duplicou, passando de 11,6% para 29,6%, conforme, inclusive um estudo do The Chinese University of Hong Kong. O alerta sobre a rela\u00e7\u00e3o entre miopia em jovens e a pandemia tamb\u00e9m foi feito pelo Conselho Brasileiro de Oftalmologia (CBO), uma vez que identificaram que sete a cada dez oftalmologistas destacaram a eleva\u00e7\u00e3o nos casos entre crian\u00e7as e jovens at\u00e9 19 anos, no \u00faltimo ano.<\/p>\n<p>O que \u00e9 essencial voc\u00ea entender \u00e9 que a miopia pode ser causada por fatores gen\u00e9ticos, ambientais e, atualmente, devido a uma exig\u00eancia da vis\u00e3o para perto cada vez mais recorrente. Pode parecer assustador, mas a verdade \u00e9 que a pandemia do coronav\u00edrus mudou o estilo de vida, ou seja, para evitar o cont\u00e1gio, muitas pessoas come\u00e7aram a passar mais tempo em casa, ampliando o per\u00edodo de exposi\u00e7\u00e3o \u00e0s telas e, mesmo ap\u00f3s o retorno das atividades presenciais, uma parcela consider\u00e1vel de brasileiros mant\u00e9m esse preocupante h\u00e1bito.<\/p>\n<p>Os diversos efeitos desse excesso j\u00e1 eram conhecidos, por\u00e9m, com a pandemia, voc\u00ea j\u00e1 percebeu que os impactos se tornaram ainda mais alarmantes e os especialistas destacam a necessidade de prevenir a miopia tamb\u00e9m entre o p\u00fablico mais jovem?<\/p>\n<p>Caso ainda desconhe\u00e7a a situa\u00e7\u00e3o, saiba que os desconfortos s\u00e3o decorrentes das consequ\u00eancias dos casos em que, por necessidade de passar longos per\u00edodos em frente a telas, como de computadores, os sintomas que mais registrados s\u00e3o:<\/p>\n<ul>\n<li>Vis\u00e3o emba\u00e7ada;<\/li>\n<li>Dores de cabe\u00e7a frequentes;<\/li>\n<li><a href=\"https:\/\/holhos.com.br\/blog\/prevenir-catarata\/\">Sensibilidade \u00e0 luz<\/a>;<\/li>\n<li>Esfregar os olhos com frequ\u00eancia;<\/li>\n<li>Apertar os olhos em uma tentativa de enxergar melhor;<\/li>\n<li>Olhos secos e cansados.<\/li>\n<\/ul>\n<p>H\u00e1 muitos anos, os perigos do excesso de uso de telas s\u00e3o divulgados, contudo, os efeitos nunca foram t\u00e3o identificados e registrados como\u00a0 atualmente, demonstrando uma s\u00e9ria rela\u00e7\u00e3o entre miopia em jovens e a pandemia.<\/p>\n<p><img loading=\"lazy\" decoding=\"async\" class=\"wp-image-1348 aligncenter\" src=\"https:\/\/holhos.com.br\/blog\/wp-content\/uploads\/girls-gb62ada77f_1280-300x200.jpg\" alt=\"\" width=\"407\" height=\"271\" srcset=\"https:\/\/holhos.com.br\/blog\/wp-content\/uploads\/girls-gb62ada77f_1280-300x200.jpg 300w, https:\/\/holhos.com.br\/blog\/wp-content\/uploads\/girls-gb62ada77f_1280-1024x682.jpg 1024w, https:\/\/holhos.com.br\/blog\/wp-content\/uploads\/girls-gb62ada77f_1280-150x100.jpg 150w, https:\/\/holhos.com.br\/blog\/wp-content\/uploads\/girls-gb62ada77f_1280-768x512.jpg 768w, https:\/\/holhos.com.br\/blog\/wp-content\/uploads\/girls-gb62ada77f_1280.jpg 1280w\" sizes=\"auto, (max-width: 407px) 100vw, 407px\" \/><\/p>\n<h2>Desde o in\u00edcio do isolamento, os jovens ficaram,\u00a0 cada vez mais tempo,\u00a0 expostos \u00e0s luzes artificiais, emitidas pelas telas que \u00e0 luz natural do sol, fundamental para o desenvolvimento ocular, principalmente entre crian\u00e7as.<\/h2>\n<p>Para quem ainda n\u00e3o sabe, esse novo estilo de vida e, at\u00e9 mesmo, a rotina de estudos, acabou por obrigar milhares de pessoas a\u00a0 passarem mais tempo em ambientes fechados, em situa\u00e7\u00f5es de estudo, por exemplo, diminuindo o contato com a luz natural.<\/p>\n<p>As \u00faltimas pesquisas apontaram que a exposi\u00e7\u00e3o \u00e0 luz solar estimula a produ\u00e7\u00e3o de dopamina, diretamente ligada \u00e0 forma\u00e7\u00e3o saud\u00e1vel do olho. Um outro aspecto fundamental est\u00e1 no fato de o crescimento das ocorr\u00eancias de miopia estar relacionado \u00e0 falta de est\u00edmulo \u00e0 vis\u00e3o para dist\u00e2ncia, j\u00e1 que, em ambientes internos, a tend\u00eancia \u00e9 que os objetos estejam mais pr\u00f3ximos, fazendo com que as pessoas usem apenas o foco para perto.<\/p>\n<p>A recomenda\u00e7\u00e3o da Organiza\u00e7\u00e3o Mundial da Sa\u00fade (OMS) \u00e9 reduzir o tempo com aparelhos eletr\u00f4nicos, principalmente, entre jovens. Contudo, caso n\u00e3o seja poss\u00edvel, a indica\u00e7\u00e3o \u00e9 intercalar per\u00edodos com atividades em frente \u00e0s telas, com momentos ao ar livre, buscando uma maior exposi\u00e7\u00e3o ao sol e olhando para objetos mais distantes do campo de vis\u00e3o, exercitando o foco. Em mais uma tentativa de restringir os efeitos da rela\u00e7\u00e3o entre miopia em jovens e a pandemia.<\/p>\n<p>Al\u00e9m de tudo isso, sabia que \u00e9 essencial consultar um oftalmologista, em caso de algum inc\u00f4modo ocular. Afinal, esse especialista indicar\u00e1 um\u00a0 col\u00edrio e o uso de \u00f3culos, bem como um poss\u00edvel aumento de grau para aqueles que j\u00e1 o utilizavam. Evite se automedicar, pois, o conselho \u00e9 sempre realizar exames de rotina anualmente e, isso n\u00e3o significa que voc\u00ea precisar\u00e1 trocar de \u00f3culos, mas, com certeza, ser\u00e1 importante averiguar a sa\u00fade dos olhos para manter a qualidade de vida, sem comprometer a execu\u00e7\u00e3o das atividades di\u00e1rias.<\/p>\n<p>&nbsp;<\/p>\n<h3 data-wahfont=\"24\"><a href=\"https:\/\/app.tuotempo.com\/mop\/index.php?dbName=tt_elf_tasy_horg_prd&amp;mopIframeReturnPage=http:\/\/www.holhos.com.br\/teste-agendamento\/#search\/query\/%26\" target=\"_blank\" rel=\"noopener\" data-wahfont=\"24\">Clique aqui<\/a>\u00a0e agende sua consulta agora mesmo.<\/h3>\n<p data-wahfont=\"16\"><strong>Qualquer d\u00favida, entre em contato pelos seguintes canais:<\/strong><\/p>\n<ul>\n<li data-wahfont=\"16\"><strong>Telefone:<\/strong>\u00a0(31) 3289-2000<\/li>\n<li data-wahfont=\"16\"><strong>WhatsApp:<\/strong>\u00a0(31) 9 9821-9992<\/li>\n<\/ul>\n","protected":false},"excerpt":{"rendered":"<p>O alerta sobre a rela\u00e7\u00e3o entre miopia em jovens e a pandemia tamb\u00e9m foi feito pelo Conselho Brasileiro de Oftalmologia (CBO), no \u00faltimo ano.<\/p>\n","protected":false},"author":13,"featured_media":1345,"comment_status":"closed","ping_status":"closed","sticky":false,"template":"","format":"standard","meta":{"_acf_changed":false,"footnotes":""},"categories":[16],"tags":[],"class_list":["post-1343","post","type-post","status-publish","format-standard","has-post-thumbnail","hentry","category-cuidados"],"acf":[],"yoast_head":"<!-- This site is optimized with the Yoast SEO plugin v27.5 - https:\/\/yoast.com\/product\/yoast-seo-wordpress\/ -->\n<title>Qual \u00e9 a rela\u00e7\u00e3o entre miopia em jovens e a pandemia? - HOlhos<\/title>\n<meta name=\"description\" content=\"Miopia em jovens aumentou ap\u00f3s a pandemia? O H.Olhos analisa as causas, consequ\u00eancias e preven\u00e7\u00e3o do crescimento nos casos de miopia.\" \/>\n<meta name=\"robots\" content=\"index, follow, max-snippet:-1, max-image-preview:large, max-video-preview:-1\" \/>\n<link rel=\"canonical\" href=\"https:\/\/holhos.com.br\/blog\/qual-e-a-relacao-entre-miopia-em-jovens-e-a-pandemia\/\" \/>\n<meta property=\"og:locale\" content=\"pt_BR\" \/>\n<meta property=\"og:type\" content=\"article\" \/>\n<meta property=\"og:title\" content=\"Qual \u00e9 a rela\u00e7\u00e3o entre miopia em jovens e a pandemia? - HOlhos\" \/>\n<meta property=\"og:description\" content=\"Miopia em jovens aumentou ap\u00f3s a pandemia? O H.Olhos analisa as causas, consequ\u00eancias e preven\u00e7\u00e3o do crescimento nos casos de miopia.\" \/>\n<meta property=\"og:url\" content=\"https:\/\/holhos.com.br\/blog\/qual-e-a-relacao-entre-miopia-em-jovens-e-a-pandemia\/\" \/>\n<meta property=\"og:site_name\" content=\"HOlhos\" \/>\n<meta property=\"article:published_time\" content=\"2022-10-10T11:59:08+00:00\" \/>\n<meta property=\"article:modified_time\" content=\"2025-06-27T17:01:50+00:00\" \/>\n<meta property=\"og:image\" content=\"https:\/\/holhos.com.br\/blog\/wp-content\/uploads\/Cresce-miopia-entre-jovens.jpeg\" \/>\n\t<meta property=\"og:image:width\" content=\"1280\" \/>\n\t<meta property=\"og:image:height\" content=\"853\" \/>\n\t<meta property=\"og:image:type\" content=\"image\/jpeg\" \/>\n<meta name=\"author\" content=\"ComunicacaoHolhos\" \/>\n<meta name=\"twitter:card\" content=\"summary_large_image\" \/>\n<meta name=\"twitter:label1\" content=\"Escrito por\" \/>\n\t<meta name=\"twitter:data1\" content=\"ComunicacaoHolhos\" \/>\n\t<meta name=\"twitter:label2\" content=\"Est. tempo de leitura\" \/>\n\t<meta name=\"twitter:data2\" content=\"4 minutos\" \/>\n<script type=\"application\/ld+json\" class=\"yoast-schema-graph\">{\"@context\":\"https:\\\/\\\/schema.org\",\"@graph\":[{\"@type\":\"Article\",\"@id\":\"https:\\\/\\\/holhos.com.br\\\/blog\\\/qual-e-a-relacao-entre-miopia-em-jovens-e-a-pandemia\\\/#article\",\"isPartOf\":{\"@id\":\"https:\\\/\\\/holhos.com.br\\\/blog\\\/qual-e-a-relacao-entre-miopia-em-jovens-e-a-pandemia\\\/\"},\"author\":{\"name\":\"ComunicacaoHolhos\",\"@id\":\"https:\\\/\\\/holhos.com.br\\\/blog\\\/#\\\/schema\\\/person\\\/542dd993649f9438b19cdbf2540be23d\"},\"headline\":\"Qual \u00e9 a rela\u00e7\u00e3o entre miopia em jovens e a pandemia?\",\"datePublished\":\"2022-10-10T11:59:08+00:00\",\"dateModified\":\"2025-06-27T17:01:50+00:00\",\"mainEntityOfPage\":{\"@id\":\"https:\\\/\\\/holhos.com.br\\\/blog\\\/qual-e-a-relacao-entre-miopia-em-jovens-e-a-pandemia\\\/\"},\"wordCount\":710,\"image\":{\"@id\":\"https:\\\/\\\/holhos.com.br\\\/blog\\\/qual-e-a-relacao-entre-miopia-em-jovens-e-a-pandemia\\\/#primaryimage\"},\"thumbnailUrl\":\"https:\\\/\\\/holhos.com.br\\\/blog\\\/wp-content\\\/uploads\\\/Cresce-miopia-entre-jovens.jpeg\",\"articleSection\":[\"Cuidados\"],\"inLanguage\":\"pt-BR\"},{\"@type\":\"WebPage\",\"@id\":\"https:\\\/\\\/holhos.com.br\\\/blog\\\/qual-e-a-relacao-entre-miopia-em-jovens-e-a-pandemia\\\/\",\"url\":\"https:\\\/\\\/holhos.com.br\\\/blog\\\/qual-e-a-relacao-entre-miopia-em-jovens-e-a-pandemia\\\/\",\"name\":\"Qual \u00e9 a rela\u00e7\u00e3o entre miopia em jovens e a pandemia? - HOlhos\",\"isPartOf\":{\"@id\":\"https:\\\/\\\/holhos.com.br\\\/blog\\\/#website\"},\"primaryImageOfPage\":{\"@id\":\"https:\\\/\\\/holhos.com.br\\\/blog\\\/qual-e-a-relacao-entre-miopia-em-jovens-e-a-pandemia\\\/#primaryimage\"},\"image\":{\"@id\":\"https:\\\/\\\/holhos.com.br\\\/blog\\\/qual-e-a-relacao-entre-miopia-em-jovens-e-a-pandemia\\\/#primaryimage\"},\"thumbnailUrl\":\"https:\\\/\\\/holhos.com.br\\\/blog\\\/wp-content\\\/uploads\\\/Cresce-miopia-entre-jovens.jpeg\",\"datePublished\":\"2022-10-10T11:59:08+00:00\",\"dateModified\":\"2025-06-27T17:01:50+00:00\",\"author\":{\"@id\":\"https:\\\/\\\/holhos.com.br\\\/blog\\\/#\\\/schema\\\/person\\\/542dd993649f9438b19cdbf2540be23d\"},\"description\":\"Miopia em jovens aumentou ap\u00f3s a pandemia? O H.Olhos analisa as causas, consequ\u00eancias e preven\u00e7\u00e3o do crescimento nos casos de miopia.\",\"breadcrumb\":{\"@id\":\"https:\\\/\\\/holhos.com.br\\\/blog\\\/qual-e-a-relacao-entre-miopia-em-jovens-e-a-pandemia\\\/#breadcrumb\"},\"inLanguage\":\"pt-BR\",\"potentialAction\":[{\"@type\":\"ReadAction\",\"target\":[\"https:\\\/\\\/holhos.com.br\\\/blog\\\/qual-e-a-relacao-entre-miopia-em-jovens-e-a-pandemia\\\/\"]}]},{\"@type\":\"ImageObject\",\"inLanguage\":\"pt-BR\",\"@id\":\"https:\\\/\\\/holhos.com.br\\\/blog\\\/qual-e-a-relacao-entre-miopia-em-jovens-e-a-pandemia\\\/#primaryimage\",\"url\":\"https:\\\/\\\/holhos.com.br\\\/blog\\\/wp-content\\\/uploads\\\/Cresce-miopia-entre-jovens.jpeg\",\"contentUrl\":\"https:\\\/\\\/holhos.com.br\\\/blog\\\/wp-content\\\/uploads\\\/Cresce-miopia-entre-jovens.jpeg\",\"width\":1280,\"height\":853},{\"@type\":\"BreadcrumbList\",\"@id\":\"https:\\\/\\\/holhos.com.br\\\/blog\\\/qual-e-a-relacao-entre-miopia-em-jovens-e-a-pandemia\\\/#breadcrumb\",\"itemListElement\":[{\"@type\":\"ListItem\",\"position\":1,\"name\":\"Home\",\"item\":\"https:\\\/\\\/holhos.com.br\\\/blog\\\/\"},{\"@type\":\"ListItem\",\"position\":2,\"name\":\"Qual \u00e9 a rela\u00e7\u00e3o entre miopia em jovens e a pandemia?\"}]},{\"@type\":\"WebSite\",\"@id\":\"https:\\\/\\\/holhos.com.br\\\/blog\\\/#website\",\"url\":\"https:\\\/\\\/holhos.com.br\\\/blog\\\/\",\"name\":\"HOlhos\",\"description\":\"Blog\",\"potentialAction\":[{\"@type\":\"SearchAction\",\"target\":{\"@type\":\"EntryPoint\",\"urlTemplate\":\"https:\\\/\\\/holhos.com.br\\\/blog\\\/?s={search_term_string}\"},\"query-input\":{\"@type\":\"PropertyValueSpecification\",\"valueRequired\":true,\"valueName\":\"search_term_string\"}}],\"inLanguage\":\"pt-BR\"},{\"@type\":\"Person\",\"@id\":\"https:\\\/\\\/holhos.com.br\\\/blog\\\/#\\\/schema\\\/person\\\/542dd993649f9438b19cdbf2540be23d\",\"name\":\"ComunicacaoHolhos\",\"image\":{\"@type\":\"ImageObject\",\"inLanguage\":\"pt-BR\",\"@id\":\"https:\\\/\\\/secure.gravatar.com\\\/avatar\\\/3db906490c4168995a69a1c434230a85239247ef3b6e0a1f6348720043cdda91?s=96&d=mm&r=g\",\"url\":\"https:\\\/\\\/secure.gravatar.com\\\/avatar\\\/3db906490c4168995a69a1c434230a85239247ef3b6e0a1f6348720043cdda91?s=96&d=mm&r=g\",\"contentUrl\":\"https:\\\/\\\/secure.gravatar.com\\\/avatar\\\/3db906490c4168995a69a1c434230a85239247ef3b6e0a1f6348720043cdda91?s=96&d=mm&r=g\",\"caption\":\"ComunicacaoHolhos\"}}]}<\/script>\n<!-- \/ Yoast SEO plugin. -->","yoast_head_json":{"title":"Qual \u00e9 a rela\u00e7\u00e3o entre miopia em jovens e a pandemia? - HOlhos","description":"Miopia em jovens aumentou ap\u00f3s a pandemia? O H.Olhos analisa as causas, consequ\u00eancias e preven\u00e7\u00e3o do crescimento nos casos de miopia.","robots":{"index":"index","follow":"follow","max-snippet":"max-snippet:-1","max-image-preview":"max-image-preview:large","max-video-preview":"max-video-preview:-1"},"canonical":"https:\/\/holhos.com.br\/blog\/qual-e-a-relacao-entre-miopia-em-jovens-e-a-pandemia\/","og_locale":"pt_BR","og_type":"article","og_title":"Qual \u00e9 a rela\u00e7\u00e3o entre miopia em jovens e a pandemia? - HOlhos","og_description":"Miopia em jovens aumentou ap\u00f3s a pandemia? O H.Olhos analisa as causas, consequ\u00eancias e preven\u00e7\u00e3o do crescimento nos casos de miopia.","og_url":"https:\/\/holhos.com.br\/blog\/qual-e-a-relacao-entre-miopia-em-jovens-e-a-pandemia\/","og_site_name":"HOlhos","article_published_time":"2022-10-10T11:59:08+00:00","article_modified_time":"2025-06-27T17:01:50+00:00","og_image":[{"width":1280,"height":853,"url":"https:\/\/holhos.com.br\/blog\/wp-content\/uploads\/Cresce-miopia-entre-jovens.jpeg","type":"image\/jpeg"}],"author":"ComunicacaoHolhos","twitter_card":"summary_large_image","twitter_misc":{"Escrito por":"ComunicacaoHolhos","Est. tempo de leitura":"4 minutos"},"schema":{"@context":"https:\/\/schema.org","@graph":[{"@type":"Article","@id":"https:\/\/holhos.com.br\/blog\/qual-e-a-relacao-entre-miopia-em-jovens-e-a-pandemia\/#article","isPartOf":{"@id":"https:\/\/holhos.com.br\/blog\/qual-e-a-relacao-entre-miopia-em-jovens-e-a-pandemia\/"},"author":{"name":"ComunicacaoHolhos","@id":"https:\/\/holhos.com.br\/blog\/#\/schema\/person\/542dd993649f9438b19cdbf2540be23d"},"headline":"Qual \u00e9 a rela\u00e7\u00e3o entre miopia em jovens e a pandemia?","datePublished":"2022-10-10T11:59:08+00:00","dateModified":"2025-06-27T17:01:50+00:00","mainEntityOfPage":{"@id":"https:\/\/holhos.com.br\/blog\/qual-e-a-relacao-entre-miopia-em-jovens-e-a-pandemia\/"},"wordCount":710,"image":{"@id":"https:\/\/holhos.com.br\/blog\/qual-e-a-relacao-entre-miopia-em-jovens-e-a-pandemia\/#primaryimage"},"thumbnailUrl":"https:\/\/holhos.com.br\/blog\/wp-content\/uploads\/Cresce-miopia-entre-jovens.jpeg","articleSection":["Cuidados"],"inLanguage":"pt-BR"},{"@type":"WebPage","@id":"https:\/\/holhos.com.br\/blog\/qual-e-a-relacao-entre-miopia-em-jovens-e-a-pandemia\/","url":"https:\/\/holhos.com.br\/blog\/qual-e-a-relacao-entre-miopia-em-jovens-e-a-pandemia\/","name":"Qual \u00e9 a rela\u00e7\u00e3o entre miopia em jovens e a pandemia? - HOlhos","isPartOf":{"@id":"https:\/\/holhos.com.br\/blog\/#website"},"primaryImageOfPage":{"@id":"https:\/\/holhos.com.br\/blog\/qual-e-a-relacao-entre-miopia-em-jovens-e-a-pandemia\/#primaryimage"},"image":{"@id":"https:\/\/holhos.com.br\/blog\/qual-e-a-relacao-entre-miopia-em-jovens-e-a-pandemia\/#primaryimage"},"thumbnailUrl":"https:\/\/holhos.com.br\/blog\/wp-content\/uploads\/Cresce-miopia-entre-jovens.jpeg","datePublished":"2022-10-10T11:59:08+00:00","dateModified":"2025-06-27T17:01:50+00:00","author":{"@id":"https:\/\/holhos.com.br\/blog\/#\/schema\/person\/542dd993649f9438b19cdbf2540be23d"},"description":"Miopia em jovens aumentou ap\u00f3s a pandemia? O H.Olhos analisa as causas, consequ\u00eancias e preven\u00e7\u00e3o do crescimento nos casos de miopia.","breadcrumb":{"@id":"https:\/\/holhos.com.br\/blog\/qual-e-a-relacao-entre-miopia-em-jovens-e-a-pandemia\/#breadcrumb"},"inLanguage":"pt-BR","potentialAction":[{"@type":"ReadAction","target":["https:\/\/holhos.com.br\/blog\/qual-e-a-relacao-entre-miopia-em-jovens-e-a-pandemia\/"]}]},{"@type":"ImageObject","inLanguage":"pt-BR","@id":"https:\/\/holhos.com.br\/blog\/qual-e-a-relacao-entre-miopia-em-jovens-e-a-pandemia\/#primaryimage","url":"https:\/\/holhos.com.br\/blog\/wp-content\/uploads\/Cresce-miopia-entre-jovens.jpeg","contentUrl":"https:\/\/holhos.com.br\/blog\/wp-content\/uploads\/Cresce-miopia-entre-jovens.jpeg","width":1280,"height":853},{"@type":"BreadcrumbList","@id":"https:\/\/holhos.com.br\/blog\/qual-e-a-relacao-entre-miopia-em-jovens-e-a-pandemia\/#breadcrumb","itemListElement":[{"@type":"ListItem","position":1,"name":"Home","item":"https:\/\/holhos.com.br\/blog\/"},{"@type":"ListItem","position":2,"name":"Qual \u00e9 a rela\u00e7\u00e3o entre miopia em jovens e a pandemia?"}]},{"@type":"WebSite","@id":"https:\/\/holhos.com.br\/blog\/#website","url":"https:\/\/holhos.com.br\/blog\/","name":"HOlhos","description":"Blog","potentialAction":[{"@type":"SearchAction","target":{"@type":"EntryPoint","urlTemplate":"https:\/\/holhos.com.br\/blog\/?s={search_term_string}"},"query-input":{"@type":"PropertyValueSpecification","valueRequired":true,"valueName":"search_term_string"}}],"inLanguage":"pt-BR"},{"@type":"Person","@id":"https:\/\/holhos.com.br\/blog\/#\/schema\/person\/542dd993649f9438b19cdbf2540be23d","name":"ComunicacaoHolhos","image":{"@type":"ImageObject","inLanguage":"pt-BR","@id":"https:\/\/secure.gravatar.com\/avatar\/3db906490c4168995a69a1c434230a85239247ef3b6e0a1f6348720043cdda91?s=96&d=mm&r=g","url":"https:\/\/secure.gravatar.com\/avatar\/3db906490c4168995a69a1c434230a85239247ef3b6e0a1f6348720043cdda91?s=96&d=mm&r=g","contentUrl":"https:\/\/secure.gravatar.com\/avatar\/3db906490c4168995a69a1c434230a85239247ef3b6e0a1f6348720043cdda91?s=96&d=mm&r=g","caption":"ComunicacaoHolhos"}}]}},"_links":{"self":[{"href":"https:\/\/holhos.com.br\/blog\/wp-json\/wp\/v2\/posts\/1343","targetHints":{"allow":["GET"]}}],"collection":[{"href":"https:\/\/holhos.com.br\/blog\/wp-json\/wp\/v2\/posts"}],"about":[{"href":"https:\/\/holhos.com.br\/blog\/wp-json\/wp\/v2\/types\/post"}],"author":[{"embeddable":true,"href":"https:\/\/holhos.com.br\/blog\/wp-json\/wp\/v2\/users\/13"}],"replies":[{"embeddable":true,"href":"https:\/\/holhos.com.br\/blog\/wp-json\/wp\/v2\/comments?post=1343"}],"version-history":[{"count":8,"href":"https:\/\/holhos.com.br\/blog\/wp-json\/wp\/v2\/posts\/1343\/revisions"}],"predecessor-version":[{"id":2182,"href":"https:\/\/holhos.com.br\/blog\/wp-json\/wp\/v2\/posts\/1343\/revisions\/2182"}],"wp:featuredmedia":[{"embeddable":true,"href":"https:\/\/holhos.com.br\/blog\/wp-json\/wp\/v2\/media\/1345"}],"wp:attachment":[{"href":"https:\/\/holhos.com.br\/blog\/wp-json\/wp\/v2\/media?parent=1343"}],"wp:term":[{"taxonomy":"category","embeddable":true,"href":"https:\/\/holhos.com.br\/blog\/wp-json\/wp\/v2\/categories?post=1343"},{"taxonomy":"post_tag","embeddable":true,"href":"https:\/\/holhos.com.br\/blog\/wp-json\/wp\/v2\/tags?post=1343"}],"curies":[{"name":"wp","href":"https:\/\/api.w.org\/{rel}","templated":true}]}}