{"id":1631,"date":"2023-05-08T11:05:57","date_gmt":"2023-05-08T14:05:57","guid":{"rendered":"https:\/\/holhos.com.br\/blog\/?p=1631"},"modified":"2025-06-24T14:24:03","modified_gmt":"2025-06-24T17:24:03","slug":"sinais-de-alzheimer-podem-ser-identificados-pela-retina","status":"publish","type":"post","link":"https:\/\/holhos.com.br\/blog\/sinais-de-alzheimer-podem-ser-identificados-pela-retina\/","title":{"rendered":"Sinais de alzheimer podem ser identificados pela retina"},"content":{"rendered":"<p>A evolu\u00e7\u00e3o das pesquisas, como o estudo do <em>Cedars-Sinais Medical Center<\/em>, de Los Angeles (EUA), agora, permite que, os primeiros sinais de Alzheimer j\u00e1 podem, sim, ser identificados pela retina. \u00c9 incr\u00edvel, contudo, normalmente, a retina dessas pessoas apresenta prote\u00ednas beta-amil\u00f3ide,\u00a0 causadoras de degenera\u00e7\u00e3o grave nas c\u00e9lulas oculares.<\/p>\n<h1>O que \u00e9 a doen\u00e7a Alzheimer?<\/h1>\n<p>Para que voc\u00ea possa compreender melhor, o Alzheimer \u00e9 uma doen\u00e7a de dem\u00eancia neurodegenerativa, ocorrendo entre pessoas na terceira idade, ou seja, maiores que 60 anos. O que ainda \u00e9 lament\u00e1vel \u00e9 que, apesar de existirem diversas formas em desenvolvimento para esse diagn\u00f3stico, as pesquisas n\u00e3o encontraram uma cura.<\/p>\n<h3><\/h3>\n<h2>Como \u00e9 realizado o diagn\u00f3stico do Alzheimer?<\/h2>\n<p>A evolu\u00e7\u00e3o de tecnologias melhora os tratamentos e contribui para uma maior assertividade nos diagn\u00f3sticos, por isso, a constata\u00e7\u00e3o indireta do\u00a0<b>Alzheimer <\/b>j\u00e1 ocorre de diferentes formas: exame de sangue, testes de estado mental e de resson\u00e2ncia magn\u00e9tica<\/p>\n<p>Ap\u00f3s realizado o diagn\u00f3stico, a sobrevida varia de 8 a 10 anos.<\/p>\n<p><img loading=\"lazy\" decoding=\"async\" class=\"size-full wp-image-1632 aligncenter\" src=\"https:\/\/holhos.com.br\/blog\/wp-content\/uploads\/alzheimer2.png\" alt=\"\" width=\"970\" height=\"550\" srcset=\"https:\/\/holhos.com.br\/blog\/wp-content\/uploads\/alzheimer2.png 970w, https:\/\/holhos.com.br\/blog\/wp-content\/uploads\/alzheimer2-300x170.png 300w, https:\/\/holhos.com.br\/blog\/wp-content\/uploads\/alzheimer2-150x85.png 150w, https:\/\/holhos.com.br\/blog\/wp-content\/uploads\/alzheimer2-768x435.png 768w\" sizes=\"auto, (max-width: 970px) 100vw, 970px\" \/><\/p>\n<h3>Quais s\u00e3o os sintomas do Alzheimer?<\/h3>\n<p>Voc\u00ea pode identificar a condi\u00e7\u00e3o, conhecendo as principais queixas e sintomas:<\/p>\n<ul>\n<li>Falta de mem\u00f3ria;<\/li>\n<li>Dificuldade para acompanhar conversas e de se lembrar de palavras; dirigir e se localizar em caminhos que fazem parte do cotidiano;<\/li>\n<li>Irritabilidade e agressividade;<\/li>\n<li>Desconfian\u00e7a;<\/li>\n<li>Tend\u00eancia de isolamento.<\/li>\n<\/ul>\n<h3>Qual o tratamento indicado para o Alzheimer?<\/h3>\n<p>O tratamento varia de acordo com cada caso e sintomas, por\u00e9m, o foco est\u00e1 sempre na busca por mais qualidade de vida para os portadores.<\/p>\n<h3><a href=\"https:\/\/app.tuotempo.com\/mop\/index.php?dbName=tt_elf_tasy_horg_prd&amp;mopIframeReturnPage=http:\/\/www.holhos.com.br\/teste-agendamento\/#search\/query\/%26\" data-wahfont=\"24\">Clique aqui<\/a>\u00a0e agende sua consulta agora mesmo.<\/h3>\n<p><strong>Qualquer d\u00favida, entre em contato pelos seguintes canais:<\/strong><\/p>\n<ul>\n<li><strong>Telefone:<\/strong>\u00a0(31) 3289-2000<\/li>\n<\/ul>\n<ul>\n<li><strong>WhatsApp:<\/strong>\u00a0(31) 9 9821-9992<\/li>\n<\/ul>\n","protected":false},"excerpt":{"rendered":"<p>Alzheimer \u00e9 uma doen\u00e7a de dem\u00eancia neurodegenerativa. Apesar de existirem diversas formas em desenvolvimento para esse diagn\u00f3stico, as pesquisas n\u00e3o encontraram uma cura.<\/p>\n","protected":false},"author":13,"featured_media":1633,"comment_status":"closed","ping_status":"closed","sticky":false,"template":"","format":"standard","meta":{"_acf_changed":false,"footnotes":""},"categories":[16],"tags":[144,32,60,91,87,72,69,108,73,67,107,39,104],"class_list":["post-1631","post","type-post","status-publish","format-standard","has-post-thumbnail","hentry","category-cuidados","tag-alzheimer","tag-cuidado-com-os-olhos","tag-cuidados","tag-dra-juliana-guimaraes","tag-enxergar","tag-holhos","tag-holhos-dr-ricardo-guimaraes","tag-hospitaldosolhos","tag-oftalmologista","tag-saude","tag-saudedosolhos","tag-visao","tag-visaoafetada"],"acf":[],"yoast_head":"<!-- This site is optimized with the Yoast SEO plugin v27.5 - https:\/\/yoast.com\/product\/yoast-seo-wordpress\/ -->\n<title>Sinais de alzheimer podem ser identificados pela retina - HOlhos<\/title>\n<meta name=\"description\" content=\"Pesquisas apontam sinais precoces de Alzheimer na retina. O H.Olhos destaca descobertas e possibilidades de diagn\u00f3stico precoce.\" \/>\n<meta name=\"robots\" content=\"index, follow, max-snippet:-1, max-image-preview:large, max-video-preview:-1\" \/>\n<link rel=\"canonical\" href=\"https:\/\/holhos.com.br\/blog\/sinais-de-alzheimer-podem-ser-identificados-pela-retina\/\" \/>\n<meta property=\"og:locale\" content=\"pt_BR\" \/>\n<meta property=\"og:type\" content=\"article\" \/>\n<meta property=\"og:title\" content=\"Sinais de alzheimer podem ser identificados pela retina - HOlhos\" \/>\n<meta property=\"og:description\" content=\"Pesquisas apontam sinais precoces de Alzheimer na retina. O H.Olhos destaca descobertas e possibilidades de diagn\u00f3stico precoce.\" \/>\n<meta property=\"og:url\" content=\"https:\/\/holhos.com.br\/blog\/sinais-de-alzheimer-podem-ser-identificados-pela-retina\/\" \/>\n<meta property=\"og:site_name\" content=\"HOlhos\" \/>\n<meta property=\"article:published_time\" content=\"2023-05-08T14:05:57+00:00\" \/>\n<meta property=\"article:modified_time\" content=\"2025-06-24T17:24:03+00:00\" \/>\n<meta property=\"og:image\" content=\"https:\/\/holhos.com.br\/blog\/wp-content\/uploads\/alzheimer.png\" \/>\n\t<meta property=\"og:image:width\" content=\"1500\" \/>\n\t<meta property=\"og:image:height\" content=\"1000\" \/>\n\t<meta property=\"og:image:type\" content=\"image\/png\" \/>\n<meta name=\"author\" content=\"ComunicacaoHolhos\" \/>\n<meta name=\"twitter:card\" content=\"summary_large_image\" \/>\n<meta name=\"twitter:label1\" content=\"Escrito por\" \/>\n\t<meta name=\"twitter:data1\" content=\"ComunicacaoHolhos\" \/>\n\t<meta name=\"twitter:label2\" content=\"Est. tempo de leitura\" \/>\n\t<meta name=\"twitter:data2\" content=\"2 minutos\" \/>\n<script type=\"application\/ld+json\" class=\"yoast-schema-graph\">{\"@context\":\"https:\\\/\\\/schema.org\",\"@graph\":[{\"@type\":\"Article\",\"@id\":\"https:\\\/\\\/holhos.com.br\\\/blog\\\/sinais-de-alzheimer-podem-ser-identificados-pela-retina\\\/#article\",\"isPartOf\":{\"@id\":\"https:\\\/\\\/holhos.com.br\\\/blog\\\/sinais-de-alzheimer-podem-ser-identificados-pela-retina\\\/\"},\"author\":{\"name\":\"ComunicacaoHolhos\",\"@id\":\"https:\\\/\\\/holhos.com.br\\\/blog\\\/#\\\/schema\\\/person\\\/542dd993649f9438b19cdbf2540be23d\"},\"headline\":\"Sinais de alzheimer podem ser identificados pela retina\",\"datePublished\":\"2023-05-08T14:05:57+00:00\",\"dateModified\":\"2025-06-24T17:24:03+00:00\",\"mainEntityOfPage\":{\"@id\":\"https:\\\/\\\/holhos.com.br\\\/blog\\\/sinais-de-alzheimer-podem-ser-identificados-pela-retina\\\/\"},\"wordCount\":286,\"image\":{\"@id\":\"https:\\\/\\\/holhos.com.br\\\/blog\\\/sinais-de-alzheimer-podem-ser-identificados-pela-retina\\\/#primaryimage\"},\"thumbnailUrl\":\"https:\\\/\\\/holhos.com.br\\\/blog\\\/wp-content\\\/uploads\\\/alzheimer.png\",\"keywords\":[\"Alzheimer\",\"cuidado com os olhos\",\"cuidados\",\"Dra. Juliana Guimar\u00e3es\",\"enxergar\",\"holhos\",\"holhos dr ricardo guimaraes\",\"hospitaldosolhos\",\"oftalmologista\",\"sa\u00fade\",\"sa\u00fadedosolhos\",\"vis\u00e3o\",\"vis\u00e3oafetada\"],\"articleSection\":[\"Cuidados\"],\"inLanguage\":\"pt-BR\"},{\"@type\":\"WebPage\",\"@id\":\"https:\\\/\\\/holhos.com.br\\\/blog\\\/sinais-de-alzheimer-podem-ser-identificados-pela-retina\\\/\",\"url\":\"https:\\\/\\\/holhos.com.br\\\/blog\\\/sinais-de-alzheimer-podem-ser-identificados-pela-retina\\\/\",\"name\":\"Sinais de alzheimer podem ser identificados pela retina - HOlhos\",\"isPartOf\":{\"@id\":\"https:\\\/\\\/holhos.com.br\\\/blog\\\/#website\"},\"primaryImageOfPage\":{\"@id\":\"https:\\\/\\\/holhos.com.br\\\/blog\\\/sinais-de-alzheimer-podem-ser-identificados-pela-retina\\\/#primaryimage\"},\"image\":{\"@id\":\"https:\\\/\\\/holhos.com.br\\\/blog\\\/sinais-de-alzheimer-podem-ser-identificados-pela-retina\\\/#primaryimage\"},\"thumbnailUrl\":\"https:\\\/\\\/holhos.com.br\\\/blog\\\/wp-content\\\/uploads\\\/alzheimer.png\",\"datePublished\":\"2023-05-08T14:05:57+00:00\",\"dateModified\":\"2025-06-24T17:24:03+00:00\",\"author\":{\"@id\":\"https:\\\/\\\/holhos.com.br\\\/blog\\\/#\\\/schema\\\/person\\\/542dd993649f9438b19cdbf2540be23d\"},\"description\":\"Pesquisas apontam sinais precoces de Alzheimer na retina. O H.Olhos destaca descobertas e possibilidades de diagn\u00f3stico precoce.\",\"breadcrumb\":{\"@id\":\"https:\\\/\\\/holhos.com.br\\\/blog\\\/sinais-de-alzheimer-podem-ser-identificados-pela-retina\\\/#breadcrumb\"},\"inLanguage\":\"pt-BR\",\"potentialAction\":[{\"@type\":\"ReadAction\",\"target\":[\"https:\\\/\\\/holhos.com.br\\\/blog\\\/sinais-de-alzheimer-podem-ser-identificados-pela-retina\\\/\"]}]},{\"@type\":\"ImageObject\",\"inLanguage\":\"pt-BR\",\"@id\":\"https:\\\/\\\/holhos.com.br\\\/blog\\\/sinais-de-alzheimer-podem-ser-identificados-pela-retina\\\/#primaryimage\",\"url\":\"https:\\\/\\\/holhos.com.br\\\/blog\\\/wp-content\\\/uploads\\\/alzheimer.png\",\"contentUrl\":\"https:\\\/\\\/holhos.com.br\\\/blog\\\/wp-content\\\/uploads\\\/alzheimer.png\",\"width\":1500,\"height\":1000},{\"@type\":\"BreadcrumbList\",\"@id\":\"https:\\\/\\\/holhos.com.br\\\/blog\\\/sinais-de-alzheimer-podem-ser-identificados-pela-retina\\\/#breadcrumb\",\"itemListElement\":[{\"@type\":\"ListItem\",\"position\":1,\"name\":\"Home\",\"item\":\"https:\\\/\\\/holhos.com.br\\\/blog\\\/\"},{\"@type\":\"ListItem\",\"position\":2,\"name\":\"Sinais de alzheimer podem ser identificados pela retina\"}]},{\"@type\":\"WebSite\",\"@id\":\"https:\\\/\\\/holhos.com.br\\\/blog\\\/#website\",\"url\":\"https:\\\/\\\/holhos.com.br\\\/blog\\\/\",\"name\":\"HOlhos\",\"description\":\"Blog\",\"potentialAction\":[{\"@type\":\"SearchAction\",\"target\":{\"@type\":\"EntryPoint\",\"urlTemplate\":\"https:\\\/\\\/holhos.com.br\\\/blog\\\/?s={search_term_string}\"},\"query-input\":{\"@type\":\"PropertyValueSpecification\",\"valueRequired\":true,\"valueName\":\"search_term_string\"}}],\"inLanguage\":\"pt-BR\"},{\"@type\":\"Person\",\"@id\":\"https:\\\/\\\/holhos.com.br\\\/blog\\\/#\\\/schema\\\/person\\\/542dd993649f9438b19cdbf2540be23d\",\"name\":\"ComunicacaoHolhos\",\"image\":{\"@type\":\"ImageObject\",\"inLanguage\":\"pt-BR\",\"@id\":\"https:\\\/\\\/secure.gravatar.com\\\/avatar\\\/3db906490c4168995a69a1c434230a85239247ef3b6e0a1f6348720043cdda91?s=96&d=mm&r=g\",\"url\":\"https:\\\/\\\/secure.gravatar.com\\\/avatar\\\/3db906490c4168995a69a1c434230a85239247ef3b6e0a1f6348720043cdda91?s=96&d=mm&r=g\",\"contentUrl\":\"https:\\\/\\\/secure.gravatar.com\\\/avatar\\\/3db906490c4168995a69a1c434230a85239247ef3b6e0a1f6348720043cdda91?s=96&d=mm&r=g\",\"caption\":\"ComunicacaoHolhos\"}}]}<\/script>\n<!-- \/ Yoast SEO plugin. -->","yoast_head_json":{"title":"Sinais de alzheimer podem ser identificados pela retina - HOlhos","description":"Pesquisas apontam sinais precoces de Alzheimer na retina. O H.Olhos destaca descobertas e possibilidades de diagn\u00f3stico precoce.","robots":{"index":"index","follow":"follow","max-snippet":"max-snippet:-1","max-image-preview":"max-image-preview:large","max-video-preview":"max-video-preview:-1"},"canonical":"https:\/\/holhos.com.br\/blog\/sinais-de-alzheimer-podem-ser-identificados-pela-retina\/","og_locale":"pt_BR","og_type":"article","og_title":"Sinais de alzheimer podem ser identificados pela retina - HOlhos","og_description":"Pesquisas apontam sinais precoces de Alzheimer na retina. O H.Olhos destaca descobertas e possibilidades de diagn\u00f3stico precoce.","og_url":"https:\/\/holhos.com.br\/blog\/sinais-de-alzheimer-podem-ser-identificados-pela-retina\/","og_site_name":"HOlhos","article_published_time":"2023-05-08T14:05:57+00:00","article_modified_time":"2025-06-24T17:24:03+00:00","og_image":[{"width":1500,"height":1000,"url":"https:\/\/holhos.com.br\/blog\/wp-content\/uploads\/alzheimer.png","type":"image\/png"}],"author":"ComunicacaoHolhos","twitter_card":"summary_large_image","twitter_misc":{"Escrito por":"ComunicacaoHolhos","Est. tempo de leitura":"2 minutos"},"schema":{"@context":"https:\/\/schema.org","@graph":[{"@type":"Article","@id":"https:\/\/holhos.com.br\/blog\/sinais-de-alzheimer-podem-ser-identificados-pela-retina\/#article","isPartOf":{"@id":"https:\/\/holhos.com.br\/blog\/sinais-de-alzheimer-podem-ser-identificados-pela-retina\/"},"author":{"name":"ComunicacaoHolhos","@id":"https:\/\/holhos.com.br\/blog\/#\/schema\/person\/542dd993649f9438b19cdbf2540be23d"},"headline":"Sinais de alzheimer podem ser identificados pela retina","datePublished":"2023-05-08T14:05:57+00:00","dateModified":"2025-06-24T17:24:03+00:00","mainEntityOfPage":{"@id":"https:\/\/holhos.com.br\/blog\/sinais-de-alzheimer-podem-ser-identificados-pela-retina\/"},"wordCount":286,"image":{"@id":"https:\/\/holhos.com.br\/blog\/sinais-de-alzheimer-podem-ser-identificados-pela-retina\/#primaryimage"},"thumbnailUrl":"https:\/\/holhos.com.br\/blog\/wp-content\/uploads\/alzheimer.png","keywords":["Alzheimer","cuidado com os olhos","cuidados","Dra. Juliana Guimar\u00e3es","enxergar","holhos","holhos dr ricardo guimaraes","hospitaldosolhos","oftalmologista","sa\u00fade","sa\u00fadedosolhos","vis\u00e3o","vis\u00e3oafetada"],"articleSection":["Cuidados"],"inLanguage":"pt-BR"},{"@type":"WebPage","@id":"https:\/\/holhos.com.br\/blog\/sinais-de-alzheimer-podem-ser-identificados-pela-retina\/","url":"https:\/\/holhos.com.br\/blog\/sinais-de-alzheimer-podem-ser-identificados-pela-retina\/","name":"Sinais de alzheimer podem ser identificados pela retina - HOlhos","isPartOf":{"@id":"https:\/\/holhos.com.br\/blog\/#website"},"primaryImageOfPage":{"@id":"https:\/\/holhos.com.br\/blog\/sinais-de-alzheimer-podem-ser-identificados-pela-retina\/#primaryimage"},"image":{"@id":"https:\/\/holhos.com.br\/blog\/sinais-de-alzheimer-podem-ser-identificados-pela-retina\/#primaryimage"},"thumbnailUrl":"https:\/\/holhos.com.br\/blog\/wp-content\/uploads\/alzheimer.png","datePublished":"2023-05-08T14:05:57+00:00","dateModified":"2025-06-24T17:24:03+00:00","author":{"@id":"https:\/\/holhos.com.br\/blog\/#\/schema\/person\/542dd993649f9438b19cdbf2540be23d"},"description":"Pesquisas apontam sinais precoces de Alzheimer na retina. O H.Olhos destaca descobertas e possibilidades de diagn\u00f3stico precoce.","breadcrumb":{"@id":"https:\/\/holhos.com.br\/blog\/sinais-de-alzheimer-podem-ser-identificados-pela-retina\/#breadcrumb"},"inLanguage":"pt-BR","potentialAction":[{"@type":"ReadAction","target":["https:\/\/holhos.com.br\/blog\/sinais-de-alzheimer-podem-ser-identificados-pela-retina\/"]}]},{"@type":"ImageObject","inLanguage":"pt-BR","@id":"https:\/\/holhos.com.br\/blog\/sinais-de-alzheimer-podem-ser-identificados-pela-retina\/#primaryimage","url":"https:\/\/holhos.com.br\/blog\/wp-content\/uploads\/alzheimer.png","contentUrl":"https:\/\/holhos.com.br\/blog\/wp-content\/uploads\/alzheimer.png","width":1500,"height":1000},{"@type":"BreadcrumbList","@id":"https:\/\/holhos.com.br\/blog\/sinais-de-alzheimer-podem-ser-identificados-pela-retina\/#breadcrumb","itemListElement":[{"@type":"ListItem","position":1,"name":"Home","item":"https:\/\/holhos.com.br\/blog\/"},{"@type":"ListItem","position":2,"name":"Sinais de alzheimer podem ser identificados pela retina"}]},{"@type":"WebSite","@id":"https:\/\/holhos.com.br\/blog\/#website","url":"https:\/\/holhos.com.br\/blog\/","name":"HOlhos","description":"Blog","potentialAction":[{"@type":"SearchAction","target":{"@type":"EntryPoint","urlTemplate":"https:\/\/holhos.com.br\/blog\/?s={search_term_string}"},"query-input":{"@type":"PropertyValueSpecification","valueRequired":true,"valueName":"search_term_string"}}],"inLanguage":"pt-BR"},{"@type":"Person","@id":"https:\/\/holhos.com.br\/blog\/#\/schema\/person\/542dd993649f9438b19cdbf2540be23d","name":"ComunicacaoHolhos","image":{"@type":"ImageObject","inLanguage":"pt-BR","@id":"https:\/\/secure.gravatar.com\/avatar\/3db906490c4168995a69a1c434230a85239247ef3b6e0a1f6348720043cdda91?s=96&d=mm&r=g","url":"https:\/\/secure.gravatar.com\/avatar\/3db906490c4168995a69a1c434230a85239247ef3b6e0a1f6348720043cdda91?s=96&d=mm&r=g","contentUrl":"https:\/\/secure.gravatar.com\/avatar\/3db906490c4168995a69a1c434230a85239247ef3b6e0a1f6348720043cdda91?s=96&d=mm&r=g","caption":"ComunicacaoHolhos"}}]}},"_links":{"self":[{"href":"https:\/\/holhos.com.br\/blog\/wp-json\/wp\/v2\/posts\/1631","targetHints":{"allow":["GET"]}}],"collection":[{"href":"https:\/\/holhos.com.br\/blog\/wp-json\/wp\/v2\/posts"}],"about":[{"href":"https:\/\/holhos.com.br\/blog\/wp-json\/wp\/v2\/types\/post"}],"author":[{"embeddable":true,"href":"https:\/\/holhos.com.br\/blog\/wp-json\/wp\/v2\/users\/13"}],"replies":[{"embeddable":true,"href":"https:\/\/holhos.com.br\/blog\/wp-json\/wp\/v2\/comments?post=1631"}],"version-history":[{"count":7,"href":"https:\/\/holhos.com.br\/blog\/wp-json\/wp\/v2\/posts\/1631\/revisions"}],"predecessor-version":[{"id":2171,"href":"https:\/\/holhos.com.br\/blog\/wp-json\/wp\/v2\/posts\/1631\/revisions\/2171"}],"wp:featuredmedia":[{"embeddable":true,"href":"https:\/\/holhos.com.br\/blog\/wp-json\/wp\/v2\/media\/1633"}],"wp:attachment":[{"href":"https:\/\/holhos.com.br\/blog\/wp-json\/wp\/v2\/media?parent=1631"}],"wp:term":[{"taxonomy":"category","embeddable":true,"href":"https:\/\/holhos.com.br\/blog\/wp-json\/wp\/v2\/categories?post=1631"},{"taxonomy":"post_tag","embeddable":true,"href":"https:\/\/holhos.com.br\/blog\/wp-json\/wp\/v2\/tags?post=1631"}],"curies":[{"name":"wp","href":"https:\/\/api.w.org\/{rel}","templated":true}]}}