{"id":1837,"date":"2023-10-17T10:48:37","date_gmt":"2023-10-17T13:48:37","guid":{"rendered":"https:\/\/holhos.com.br\/blog\/?p=1837"},"modified":"2025-06-27T14:33:21","modified_gmt":"2025-06-27T17:33:21","slug":"airbag-causa-lesao-ocular-em-acidente-de-transito","status":"publish","type":"post","link":"https:\/\/holhos.com.br\/blog\/airbag-causa-lesao-ocular-em-acidente-de-transito\/","title":{"rendered":"Airbag causa les\u00e3o ocular em acidente de tr\u00e2nsito?"},"content":{"rendered":"<p>O questionamento pode at\u00e9 parecer estranho, mas, a verdade \u00e9 que, sim, o airbag, um equipamento para prote\u00e7\u00e3o e seguran\u00e7a, tamb\u00e9m pode provocar les\u00f5es oculares. A afirmativa assusta, contudo, entenda que, ainda assim, o uso \u00e9 essencial nos carros\u00a0 para maior prote\u00e7\u00e3o geral, em caso de acidentes, mesmo o <strong>airbag<\/strong> representando riscos.<\/p>\n<p>Fica mais f\u00e1cil para voc\u00ea compreender que, em casos de impactos faciais, causados durante o acidente, a situa\u00e7\u00e3o tamb\u00e9m envolve os olhos. Mesmo sendo assustador, leia o texto at\u00e9 o fim para\u00a0 entender melhor quais s\u00e3o os problemas e como deve lidar em cada situa\u00e7\u00e3o.<\/p>\n<h3><\/h3>\n<h1>Por que o <strong>airbag<\/strong> causa les\u00e3o ocular?<\/h1>\n<p>O airbag protege, entretanto, a situa\u00e7\u00e3o de risco pode estar relacionada \u00e0 posi\u00e7\u00e3o do banco em rela\u00e7\u00e3o ao volante. Voc\u00ea sabia que a recomenda\u00e7\u00e3o \u00e9 sempre manter\u00a0 45 cent\u00edmetros de dist\u00e2ncia, a partir dos olhos para o volante? Esse espa\u00e7o \u00e9 essencial para preven\u00e7\u00e3o de impactos oculares, em caso de acidentes automobil\u00edsticos.<\/p>\n<h3><\/h3>\n<h3>Tem recomenda\u00e7\u00e3o para motoristas com \u00f3culos?<\/h3>\n<p>Quem dirige e usa \u00f3culos deve saber que a indica\u00e7\u00e3o m\u00e9dica \u00e9 optar por\u00a0 arma\u00e7\u00f5es fechadas e evitar o uso de lentes de vidro mineral. Dessa forma, ser\u00e1\u00a0 poss\u00edvel\u00a0 eliminar um maior risco de estilha\u00e7amento e perfura\u00e7\u00f5es oculares, em caso de acidentes. Al\u00e9m disso, voc\u00ea ainda precisa saber que \u00e9 recomendado verificar a resist\u00eancia do produto e quem \u00e9 o fabricante dos \u00f3culos e lentes para evitar maiores riscos e problemas.<\/p>\n<h3><\/h3>\n<h3>Qual a recomenda\u00e7\u00e3o para pessoas que\u00a0 j\u00e1 realizaram procedimento visual?<\/h3>\n<p>Os acidentes de tr\u00e2nsito ainda podem causar incha\u00e7os, fraturas, descolamento de retina, ceratite e o hifema entre pessoas que\u00a0 j\u00e1 realizaram algum procedimento visual. Se voc\u00ea j\u00e1 passou por alguma interven\u00e7\u00e3o ocular, a indica\u00e7\u00e3o \u00e9 consultar um oftalmologista, ap\u00f3s o acidente, para uma melhor avalia\u00e7\u00e3o do caso e descartar qualquer comprometimento na qualidade de vis\u00e3o, j\u00e1 que h\u00e1 maior chance de problemas.<\/p>\n<h3><img loading=\"lazy\" decoding=\"async\" class=\"aligncenter wp-image-1839 size-full\" src=\"https:\/\/holhos.com.br\/blog\/wp-content\/uploads\/airbag2.png\" alt=\"A imagem mostra um close-up de um olho humano com a \u00edris azul clara. A parte branca do olho (esclera) tem algumas \u00e1reas de leve irrita\u00e7\u00e3o, vis\u00edveis especialmente no canto inferior. A \u00e1rea ao redor do olho parece um pouco inchada, sugerindo uma poss\u00edvel irrita\u00e7\u00e3o ou condi\u00e7\u00e3o como conjuntivite ou alergia. O olho parece estar em um estado de leve desconforto, mas n\u00e3o completamente afetado.\n\" width=\"999\" height=\"662\" srcset=\"https:\/\/holhos.com.br\/blog\/wp-content\/uploads\/airbag2.png 999w, https:\/\/holhos.com.br\/blog\/wp-content\/uploads\/airbag2-300x199.png 300w, https:\/\/holhos.com.br\/blog\/wp-content\/uploads\/airbag2-150x99.png 150w, https:\/\/holhos.com.br\/blog\/wp-content\/uploads\/airbag2-768x509.png 768w\" sizes=\"auto, (max-width: 999px) 100vw, 999px\" \/><\/h3>\n<h3><\/h3>\n<h3>Quais s\u00e3o as poss\u00edveis consequ\u00eancias na sa\u00fade visual de quem j\u00e1 passou por acidente de carro com airbag?<\/h3>\n<p><strong>Descolamento de retina:<\/strong> <em>desprendimento da retina da superf\u00edcie interna do globo ocular. A separa\u00e7\u00e3o impede o fornecimento de luz para o c\u00e9rebro e pode causar a perda definitiva da vis\u00e3o.<\/em><\/p>\n<p><img loading=\"lazy\" decoding=\"async\" class=\"alignnone wp-image-2110 size-large\" src=\"https:\/\/holhos.com.br\/blog\/wp-content\/uploads\/airbag3-1024x1024_Easy-Resize.com_-1024x1024.jpg\" alt=\"Close-up do olho de uma pessoa idosa, com sinais de inflama\u00e7\u00e3o vis\u00edveis, como vermelhid\u00e3o ao redor da \u00edris e da conjuntiva. O olho tamb\u00e9m apresenta uma leve opacidade no centro, sugerindo poss\u00edvel catarata ou outro problema ocular.\" width=\"1024\" height=\"1024\" srcset=\"https:\/\/holhos.com.br\/blog\/wp-content\/uploads\/airbag3-1024x1024_Easy-Resize.com_-1024x1024.jpg 1024w, https:\/\/holhos.com.br\/blog\/wp-content\/uploads\/airbag3-1024x1024_Easy-Resize.com_-300x300.jpg 300w, https:\/\/holhos.com.br\/blog\/wp-content\/uploads\/airbag3-1024x1024_Easy-Resize.com_-150x150.jpg 150w, https:\/\/holhos.com.br\/blog\/wp-content\/uploads\/airbag3-1024x1024_Easy-Resize.com_-768x768.jpg 768w, https:\/\/holhos.com.br\/blog\/wp-content\/uploads\/airbag3-1024x1024_Easy-Resize.com_.jpg 1280w\" sizes=\"auto, (max-width: 1024px) 100vw, 1024px\" \/><\/p>\n<p><strong>Ceratite<\/strong>: irrita\u00e7\u00e3o ou inflama\u00e7\u00e3o da c\u00f3rnea, atrapalhando a vis\u00e3o. Uma das causas mais comuns \u00e9 o uso inadequado de lentes de contato, por isso, \u00e9 necess\u00e1rio ter higiene e cuidado.<\/p>\n<p><img loading=\"lazy\" decoding=\"async\" class=\"aligncenter wp-image-2068 size-full\" src=\"https:\/\/holhos.com.br\/blog\/wp-content\/uploads\/airbag4_Easy-Resize.com_.jpg\" alt=\"A imagem mostra um close-up detalhado de um olho humano, focando especialmente na c\u00f3rnea e \u00edris. A c\u00f3rnea tem um aspecto turvo, possivelmente devido a uma condi\u00e7\u00e3o ocular, como uma \u00falcera ou infec\u00e7\u00e3o. A \u00e1rea ao redor da c\u00f3rnea apresenta algumas linhas vis\u00edveis que indicam uma altera\u00e7\u00e3o na estrutura do olho, e a esclera (parte branca) apresenta uma leve vermelhid\u00e3o. Este tipo de imagem geralmente \u00e9 utilizado para ilustrar condi\u00e7\u00f5es oftalmol\u00f3gicas que afetam a c\u00f3rnea, como ceratite ou outras infec\u00e7\u00f5es oculares.\n\" width=\"1280\" height=\"800\" srcset=\"https:\/\/holhos.com.br\/blog\/wp-content\/uploads\/airbag4_Easy-Resize.com_.jpg 1280w, https:\/\/holhos.com.br\/blog\/wp-content\/uploads\/airbag4_Easy-Resize.com_-300x188.jpg 300w, https:\/\/holhos.com.br\/blog\/wp-content\/uploads\/airbag4_Easy-Resize.com_-1024x640.jpg 1024w, https:\/\/holhos.com.br\/blog\/wp-content\/uploads\/airbag4_Easy-Resize.com_-150x94.jpg 150w, https:\/\/holhos.com.br\/blog\/wp-content\/uploads\/airbag4_Easy-Resize.com_-768x480.jpg 768w\" sizes=\"auto, (max-width: 1280px) 100vw, 1280px\" \/><\/p>\n<p><strong>Hifema: <\/strong>sangramento interno do olho, mais especificamente, na c\u00e2mara anterior, podendo resultar na perda de vis\u00e3o, devido aumento da press\u00e3o intraocular.<\/p>\n<p><img loading=\"lazy\" decoding=\"async\" class=\"aligncenter wp-image-2099 size-full\" src=\"https:\/\/holhos.com.br\/blog\/wp-content\/uploads\/airbag5_Easy-Resize.com_-2.jpg\" alt=\"A imagem mostra um close-up de um olho humano com sinais vis\u00edveis de uma condi\u00e7\u00e3o ocular, como uma \u00falcera de c\u00f3rnea ou outra infec\u00e7\u00e3o. A parte branca do olho (esclera) apresenta um tom vermelho, o que pode indicar inflama\u00e7\u00e3o. A \u00edris \u00e9 marrom, e a c\u00f3rnea parece estar afetada, com uma \u00e1rea mais opaca no centro. Esse tipo de condi\u00e7\u00e3o requer aten\u00e7\u00e3o m\u00e9dica, pois pode afetar a vis\u00e3o e requerer tratamento oftalmol\u00f3gico especializado.\n\" width=\"1280\" height=\"966\" srcset=\"https:\/\/holhos.com.br\/blog\/wp-content\/uploads\/airbag5_Easy-Resize.com_-2.jpg 1280w, https:\/\/holhos.com.br\/blog\/wp-content\/uploads\/airbag5_Easy-Resize.com_-2-300x226.jpg 300w, https:\/\/holhos.com.br\/blog\/wp-content\/uploads\/airbag5_Easy-Resize.com_-2-1024x773.jpg 1024w, https:\/\/holhos.com.br\/blog\/wp-content\/uploads\/airbag5_Easy-Resize.com_-2-150x113.jpg 150w, https:\/\/holhos.com.br\/blog\/wp-content\/uploads\/airbag5_Easy-Resize.com_-2-768x580.jpg 768w\" sizes=\"auto, (max-width: 1280px) 100vw, 1280px\" \/><\/p>\n<p><strong>Voc\u00ea est\u00e1 em dia com as visitas ao oftalmologista?<\/strong><\/p>\n<p>Telefone:\u00a0(31) 3289-2000<br \/>\nWhatsApp:\u00a0(31) 9 9821-9992<\/p>\n","protected":false},"excerpt":{"rendered":"<p>O questionamento pode at\u00e9 parecer estranho, mas, a verdade \u00e9 que, sim, o airbag, um equipamento para prote\u00e7\u00e3o e seguran\u00e7a, tamb\u00e9m pode provocar les\u00f5es oculares.<\/p>\n","protected":false},"author":13,"featured_media":1838,"comment_status":"closed","ping_status":"closed","sticky":false,"template":"","format":"standard","meta":{"_acf_changed":false,"footnotes":""},"categories":[16],"tags":[],"class_list":["post-1837","post","type-post","status-publish","format-standard","has-post-thumbnail","hentry","category-cuidados"],"acf":[],"yoast_head":"<!-- This site is optimized with the Yoast SEO plugin v27.5 - https:\/\/yoast.com\/product\/yoast-seo-wordpress\/ -->\n<title>Airbag causa les\u00e3o ocular em acidente de tr\u00e2nsito? - HOlhos<\/title>\n<meta name=\"description\" content=\"Airbags podem causar les\u00f5es oculares em acidentes. O H.Olhos explica os riscos e como proteger sua vis\u00e3o no tr\u00e2nsito.\" \/>\n<meta name=\"robots\" content=\"index, follow, max-snippet:-1, max-image-preview:large, max-video-preview:-1\" \/>\n<link rel=\"canonical\" href=\"https:\/\/holhos.com.br\/blog\/airbag-causa-lesao-ocular-em-acidente-de-transito\/\" \/>\n<meta property=\"og:locale\" content=\"pt_BR\" \/>\n<meta property=\"og:type\" content=\"article\" \/>\n<meta property=\"og:title\" content=\"Airbag causa les\u00e3o ocular em acidente de tr\u00e2nsito? - HOlhos\" \/>\n<meta property=\"og:description\" content=\"Airbags podem causar les\u00f5es oculares em acidentes. O H.Olhos explica os riscos e como proteger sua vis\u00e3o no tr\u00e2nsito.\" \/>\n<meta property=\"og:url\" content=\"https:\/\/holhos.com.br\/blog\/airbag-causa-lesao-ocular-em-acidente-de-transito\/\" \/>\n<meta property=\"og:site_name\" content=\"HOlhos\" \/>\n<meta property=\"article:published_time\" content=\"2023-10-17T13:48:37+00:00\" \/>\n<meta property=\"article:modified_time\" content=\"2025-06-27T17:33:21+00:00\" \/>\n<meta property=\"og:image\" content=\"https:\/\/holhos.com.br\/blog\/wp-content\/uploads\/airbag1-1024x682.png\" \/>\n\t<meta property=\"og:image:width\" content=\"1024\" \/>\n\t<meta property=\"og:image:height\" content=\"682\" \/>\n\t<meta property=\"og:image:type\" content=\"image\/png\" \/>\n<meta name=\"author\" content=\"ComunicacaoHolhos\" \/>\n<meta name=\"twitter:card\" content=\"summary_large_image\" \/>\n<meta name=\"twitter:label1\" content=\"Escrito por\" \/>\n\t<meta name=\"twitter:data1\" content=\"ComunicacaoHolhos\" \/>\n\t<meta name=\"twitter:label2\" content=\"Est. tempo de leitura\" \/>\n\t<meta name=\"twitter:data2\" content=\"4 minutos\" \/>\n<script type=\"application\/ld+json\" class=\"yoast-schema-graph\">{\"@context\":\"https:\\\/\\\/schema.org\",\"@graph\":[{\"@type\":\"Article\",\"@id\":\"https:\\\/\\\/holhos.com.br\\\/blog\\\/airbag-causa-lesao-ocular-em-acidente-de-transito\\\/#article\",\"isPartOf\":{\"@id\":\"https:\\\/\\\/holhos.com.br\\\/blog\\\/airbag-causa-lesao-ocular-em-acidente-de-transito\\\/\"},\"author\":{\"name\":\"ComunicacaoHolhos\",\"@id\":\"https:\\\/\\\/holhos.com.br\\\/blog\\\/#\\\/schema\\\/person\\\/542dd993649f9438b19cdbf2540be23d\"},\"headline\":\"Airbag causa les\u00e3o ocular em acidente de tr\u00e2nsito?\",\"datePublished\":\"2023-10-17T13:48:37+00:00\",\"dateModified\":\"2025-06-27T17:33:21+00:00\",\"mainEntityOfPage\":{\"@id\":\"https:\\\/\\\/holhos.com.br\\\/blog\\\/airbag-causa-lesao-ocular-em-acidente-de-transito\\\/\"},\"wordCount\":468,\"image\":{\"@id\":\"https:\\\/\\\/holhos.com.br\\\/blog\\\/airbag-causa-lesao-ocular-em-acidente-de-transito\\\/#primaryimage\"},\"thumbnailUrl\":\"https:\\\/\\\/holhos.com.br\\\/blog\\\/wp-content\\\/uploads\\\/airbag1.png\",\"articleSection\":[\"Cuidados\"],\"inLanguage\":\"pt-BR\"},{\"@type\":\"WebPage\",\"@id\":\"https:\\\/\\\/holhos.com.br\\\/blog\\\/airbag-causa-lesao-ocular-em-acidente-de-transito\\\/\",\"url\":\"https:\\\/\\\/holhos.com.br\\\/blog\\\/airbag-causa-lesao-ocular-em-acidente-de-transito\\\/\",\"name\":\"Airbag causa les\u00e3o ocular em acidente de tr\u00e2nsito? - HOlhos\",\"isPartOf\":{\"@id\":\"https:\\\/\\\/holhos.com.br\\\/blog\\\/#website\"},\"primaryImageOfPage\":{\"@id\":\"https:\\\/\\\/holhos.com.br\\\/blog\\\/airbag-causa-lesao-ocular-em-acidente-de-transito\\\/#primaryimage\"},\"image\":{\"@id\":\"https:\\\/\\\/holhos.com.br\\\/blog\\\/airbag-causa-lesao-ocular-em-acidente-de-transito\\\/#primaryimage\"},\"thumbnailUrl\":\"https:\\\/\\\/holhos.com.br\\\/blog\\\/wp-content\\\/uploads\\\/airbag1.png\",\"datePublished\":\"2023-10-17T13:48:37+00:00\",\"dateModified\":\"2025-06-27T17:33:21+00:00\",\"author\":{\"@id\":\"https:\\\/\\\/holhos.com.br\\\/blog\\\/#\\\/schema\\\/person\\\/542dd993649f9438b19cdbf2540be23d\"},\"description\":\"Airbags podem causar les\u00f5es oculares em acidentes. O H.Olhos explica os riscos e como proteger sua vis\u00e3o no tr\u00e2nsito.\",\"breadcrumb\":{\"@id\":\"https:\\\/\\\/holhos.com.br\\\/blog\\\/airbag-causa-lesao-ocular-em-acidente-de-transito\\\/#breadcrumb\"},\"inLanguage\":\"pt-BR\",\"potentialAction\":[{\"@type\":\"ReadAction\",\"target\":[\"https:\\\/\\\/holhos.com.br\\\/blog\\\/airbag-causa-lesao-ocular-em-acidente-de-transito\\\/\"]}]},{\"@type\":\"ImageObject\",\"inLanguage\":\"pt-BR\",\"@id\":\"https:\\\/\\\/holhos.com.br\\\/blog\\\/airbag-causa-lesao-ocular-em-acidente-de-transito\\\/#primaryimage\",\"url\":\"https:\\\/\\\/holhos.com.br\\\/blog\\\/wp-content\\\/uploads\\\/airbag1.png\",\"contentUrl\":\"https:\\\/\\\/holhos.com.br\\\/blog\\\/wp-content\\\/uploads\\\/airbag1.png\",\"width\":2048,\"height\":1363},{\"@type\":\"BreadcrumbList\",\"@id\":\"https:\\\/\\\/holhos.com.br\\\/blog\\\/airbag-causa-lesao-ocular-em-acidente-de-transito\\\/#breadcrumb\",\"itemListElement\":[{\"@type\":\"ListItem\",\"position\":1,\"name\":\"Home\",\"item\":\"https:\\\/\\\/holhos.com.br\\\/blog\\\/\"},{\"@type\":\"ListItem\",\"position\":2,\"name\":\"Airbag causa les\u00e3o ocular em acidente de tr\u00e2nsito?\"}]},{\"@type\":\"WebSite\",\"@id\":\"https:\\\/\\\/holhos.com.br\\\/blog\\\/#website\",\"url\":\"https:\\\/\\\/holhos.com.br\\\/blog\\\/\",\"name\":\"HOlhos\",\"description\":\"Blog\",\"potentialAction\":[{\"@type\":\"SearchAction\",\"target\":{\"@type\":\"EntryPoint\",\"urlTemplate\":\"https:\\\/\\\/holhos.com.br\\\/blog\\\/?s={search_term_string}\"},\"query-input\":{\"@type\":\"PropertyValueSpecification\",\"valueRequired\":true,\"valueName\":\"search_term_string\"}}],\"inLanguage\":\"pt-BR\"},{\"@type\":\"Person\",\"@id\":\"https:\\\/\\\/holhos.com.br\\\/blog\\\/#\\\/schema\\\/person\\\/542dd993649f9438b19cdbf2540be23d\",\"name\":\"ComunicacaoHolhos\",\"image\":{\"@type\":\"ImageObject\",\"inLanguage\":\"pt-BR\",\"@id\":\"https:\\\/\\\/secure.gravatar.com\\\/avatar\\\/3db906490c4168995a69a1c434230a85239247ef3b6e0a1f6348720043cdda91?s=96&d=mm&r=g\",\"url\":\"https:\\\/\\\/secure.gravatar.com\\\/avatar\\\/3db906490c4168995a69a1c434230a85239247ef3b6e0a1f6348720043cdda91?s=96&d=mm&r=g\",\"contentUrl\":\"https:\\\/\\\/secure.gravatar.com\\\/avatar\\\/3db906490c4168995a69a1c434230a85239247ef3b6e0a1f6348720043cdda91?s=96&d=mm&r=g\",\"caption\":\"ComunicacaoHolhos\"}}]}<\/script>\n<!-- \/ Yoast SEO plugin. -->","yoast_head_json":{"title":"Airbag causa les\u00e3o ocular em acidente de tr\u00e2nsito? - HOlhos","description":"Airbags podem causar les\u00f5es oculares em acidentes. O H.Olhos explica os riscos e como proteger sua vis\u00e3o no tr\u00e2nsito.","robots":{"index":"index","follow":"follow","max-snippet":"max-snippet:-1","max-image-preview":"max-image-preview:large","max-video-preview":"max-video-preview:-1"},"canonical":"https:\/\/holhos.com.br\/blog\/airbag-causa-lesao-ocular-em-acidente-de-transito\/","og_locale":"pt_BR","og_type":"article","og_title":"Airbag causa les\u00e3o ocular em acidente de tr\u00e2nsito? - HOlhos","og_description":"Airbags podem causar les\u00f5es oculares em acidentes. O H.Olhos explica os riscos e como proteger sua vis\u00e3o no tr\u00e2nsito.","og_url":"https:\/\/holhos.com.br\/blog\/airbag-causa-lesao-ocular-em-acidente-de-transito\/","og_site_name":"HOlhos","article_published_time":"2023-10-17T13:48:37+00:00","article_modified_time":"2025-06-27T17:33:21+00:00","og_image":[{"width":1024,"height":682,"url":"https:\/\/holhos.com.br\/blog\/wp-content\/uploads\/airbag1-1024x682.png","type":"image\/png"}],"author":"ComunicacaoHolhos","twitter_card":"summary_large_image","twitter_misc":{"Escrito por":"ComunicacaoHolhos","Est. tempo de leitura":"4 minutos"},"schema":{"@context":"https:\/\/schema.org","@graph":[{"@type":"Article","@id":"https:\/\/holhos.com.br\/blog\/airbag-causa-lesao-ocular-em-acidente-de-transito\/#article","isPartOf":{"@id":"https:\/\/holhos.com.br\/blog\/airbag-causa-lesao-ocular-em-acidente-de-transito\/"},"author":{"name":"ComunicacaoHolhos","@id":"https:\/\/holhos.com.br\/blog\/#\/schema\/person\/542dd993649f9438b19cdbf2540be23d"},"headline":"Airbag causa les\u00e3o ocular em acidente de tr\u00e2nsito?","datePublished":"2023-10-17T13:48:37+00:00","dateModified":"2025-06-27T17:33:21+00:00","mainEntityOfPage":{"@id":"https:\/\/holhos.com.br\/blog\/airbag-causa-lesao-ocular-em-acidente-de-transito\/"},"wordCount":468,"image":{"@id":"https:\/\/holhos.com.br\/blog\/airbag-causa-lesao-ocular-em-acidente-de-transito\/#primaryimage"},"thumbnailUrl":"https:\/\/holhos.com.br\/blog\/wp-content\/uploads\/airbag1.png","articleSection":["Cuidados"],"inLanguage":"pt-BR"},{"@type":"WebPage","@id":"https:\/\/holhos.com.br\/blog\/airbag-causa-lesao-ocular-em-acidente-de-transito\/","url":"https:\/\/holhos.com.br\/blog\/airbag-causa-lesao-ocular-em-acidente-de-transito\/","name":"Airbag causa les\u00e3o ocular em acidente de tr\u00e2nsito? - HOlhos","isPartOf":{"@id":"https:\/\/holhos.com.br\/blog\/#website"},"primaryImageOfPage":{"@id":"https:\/\/holhos.com.br\/blog\/airbag-causa-lesao-ocular-em-acidente-de-transito\/#primaryimage"},"image":{"@id":"https:\/\/holhos.com.br\/blog\/airbag-causa-lesao-ocular-em-acidente-de-transito\/#primaryimage"},"thumbnailUrl":"https:\/\/holhos.com.br\/blog\/wp-content\/uploads\/airbag1.png","datePublished":"2023-10-17T13:48:37+00:00","dateModified":"2025-06-27T17:33:21+00:00","author":{"@id":"https:\/\/holhos.com.br\/blog\/#\/schema\/person\/542dd993649f9438b19cdbf2540be23d"},"description":"Airbags podem causar les\u00f5es oculares em acidentes. O H.Olhos explica os riscos e como proteger sua vis\u00e3o no tr\u00e2nsito.","breadcrumb":{"@id":"https:\/\/holhos.com.br\/blog\/airbag-causa-lesao-ocular-em-acidente-de-transito\/#breadcrumb"},"inLanguage":"pt-BR","potentialAction":[{"@type":"ReadAction","target":["https:\/\/holhos.com.br\/blog\/airbag-causa-lesao-ocular-em-acidente-de-transito\/"]}]},{"@type":"ImageObject","inLanguage":"pt-BR","@id":"https:\/\/holhos.com.br\/blog\/airbag-causa-lesao-ocular-em-acidente-de-transito\/#primaryimage","url":"https:\/\/holhos.com.br\/blog\/wp-content\/uploads\/airbag1.png","contentUrl":"https:\/\/holhos.com.br\/blog\/wp-content\/uploads\/airbag1.png","width":2048,"height":1363},{"@type":"BreadcrumbList","@id":"https:\/\/holhos.com.br\/blog\/airbag-causa-lesao-ocular-em-acidente-de-transito\/#breadcrumb","itemListElement":[{"@type":"ListItem","position":1,"name":"Home","item":"https:\/\/holhos.com.br\/blog\/"},{"@type":"ListItem","position":2,"name":"Airbag causa les\u00e3o ocular em acidente de tr\u00e2nsito?"}]},{"@type":"WebSite","@id":"https:\/\/holhos.com.br\/blog\/#website","url":"https:\/\/holhos.com.br\/blog\/","name":"HOlhos","description":"Blog","potentialAction":[{"@type":"SearchAction","target":{"@type":"EntryPoint","urlTemplate":"https:\/\/holhos.com.br\/blog\/?s={search_term_string}"},"query-input":{"@type":"PropertyValueSpecification","valueRequired":true,"valueName":"search_term_string"}}],"inLanguage":"pt-BR"},{"@type":"Person","@id":"https:\/\/holhos.com.br\/blog\/#\/schema\/person\/542dd993649f9438b19cdbf2540be23d","name":"ComunicacaoHolhos","image":{"@type":"ImageObject","inLanguage":"pt-BR","@id":"https:\/\/secure.gravatar.com\/avatar\/3db906490c4168995a69a1c434230a85239247ef3b6e0a1f6348720043cdda91?s=96&d=mm&r=g","url":"https:\/\/secure.gravatar.com\/avatar\/3db906490c4168995a69a1c434230a85239247ef3b6e0a1f6348720043cdda91?s=96&d=mm&r=g","contentUrl":"https:\/\/secure.gravatar.com\/avatar\/3db906490c4168995a69a1c434230a85239247ef3b6e0a1f6348720043cdda91?s=96&d=mm&r=g","caption":"ComunicacaoHolhos"}}]}},"_links":{"self":[{"href":"https:\/\/holhos.com.br\/blog\/wp-json\/wp\/v2\/posts\/1837","targetHints":{"allow":["GET"]}}],"collection":[{"href":"https:\/\/holhos.com.br\/blog\/wp-json\/wp\/v2\/posts"}],"about":[{"href":"https:\/\/holhos.com.br\/blog\/wp-json\/wp\/v2\/types\/post"}],"author":[{"embeddable":true,"href":"https:\/\/holhos.com.br\/blog\/wp-json\/wp\/v2\/users\/13"}],"replies":[{"embeddable":true,"href":"https:\/\/holhos.com.br\/blog\/wp-json\/wp\/v2\/comments?post=1837"}],"version-history":[{"count":7,"href":"https:\/\/holhos.com.br\/blog\/wp-json\/wp\/v2\/posts\/1837\/revisions"}],"predecessor-version":[{"id":2238,"href":"https:\/\/holhos.com.br\/blog\/wp-json\/wp\/v2\/posts\/1837\/revisions\/2238"}],"wp:featuredmedia":[{"embeddable":true,"href":"https:\/\/holhos.com.br\/blog\/wp-json\/wp\/v2\/media\/1838"}],"wp:attachment":[{"href":"https:\/\/holhos.com.br\/blog\/wp-json\/wp\/v2\/media?parent=1837"}],"wp:term":[{"taxonomy":"category","embeddable":true,"href":"https:\/\/holhos.com.br\/blog\/wp-json\/wp\/v2\/categories?post=1837"},{"taxonomy":"post_tag","embeddable":true,"href":"https:\/\/holhos.com.br\/blog\/wp-json\/wp\/v2\/tags?post=1837"}],"curies":[{"name":"wp","href":"https:\/\/api.w.org\/{rel}","templated":true}]}}