{"id":1863,"date":"2023-11-03T12:16:32","date_gmt":"2023-11-03T15:16:32","guid":{"rendered":"https:\/\/holhos.com.br\/blog\/?p=1863"},"modified":"2025-06-27T15:05:46","modified_gmt":"2025-06-27T18:05:46","slug":"daltonismo-compromete-percepcao-das-cores","status":"publish","type":"post","link":"https:\/\/holhos.com.br\/blog\/daltonismo-compromete-percepcao-das-cores\/","title":{"rendered":"Daltonismo compromete percep\u00e7\u00e3o das cores"},"content":{"rendered":"<p>Muitas s\u00e3o as curiosidades e situa\u00e7\u00f5es que impressionam o brasileiro, quando o assunto \u00e9 doen\u00e7a ocular e, uma delas, \u00e9 o daltonismo. Afinal, voc\u00ea sabia que se trata de um dist\u00farbio ocular que afeta a percep\u00e7\u00e3o das cores? Al\u00e9m disso, o nome original \u00e9 discromatopsia e acomete, de acordo com as \u00faltimas estimativas, cerca de dois milh\u00f5es de brasileiros.<\/p>\n<h1>Como ocorre o daltonismo ?<\/h1>\n<p>A condi\u00e7\u00e3o surge, principalmente, por conta da gen\u00e9tica, contudo, tamb\u00e9m pode ocorrer devido a traumas, tumores, les\u00f5es neurol\u00f3gicas, deslocamento da retina ou decorrente do uso de medicamentos.<\/p>\n<p><img loading=\"lazy\" decoding=\"async\" class=\"aligncenter wp-image-2127 size-full\" src=\"https:\/\/holhos.com.br\/blog\/wp-content\/uploads\/daltonismo1_Easy-Resize.com_.jpg\" alt=\"Seis c\u00edrculos coloridos com n\u00fameros vis\u00edveis formados por pontos em diferentes tons. Os n\u00fameros exibidos s\u00e3o 7, 13, 16, 8, 12 e 9, dispostos de forma que s\u00e3o destacados dentro de cada c\u00edrculo composto por pequenas bolinhas de v\u00e1rias cores.\" width=\"1280\" height=\"904\" srcset=\"https:\/\/holhos.com.br\/blog\/wp-content\/uploads\/daltonismo1_Easy-Resize.com_.jpg 1280w, https:\/\/holhos.com.br\/blog\/wp-content\/uploads\/daltonismo1_Easy-Resize.com_-300x212.jpg 300w, https:\/\/holhos.com.br\/blog\/wp-content\/uploads\/daltonismo1_Easy-Resize.com_-1024x723.jpg 1024w, https:\/\/holhos.com.br\/blog\/wp-content\/uploads\/daltonismo1_Easy-Resize.com_-150x106.jpg 150w, https:\/\/holhos.com.br\/blog\/wp-content\/uploads\/daltonismo1_Easy-Resize.com_-768x542.jpg 768w\" sizes=\"auto, (max-width: 1280px) 100vw, 1280px\" \/><\/p>\n<h3><\/h3>\n<h2>Como o daltonismo ocorre?<\/h2>\n<p>Um aspecto interessante \u00e9 que o olho \u00e9 composto por tr\u00eas cones, sendo que cada cone representa uma cor prim\u00e1ria: vermelho, verde e azul,\u00a0 E, pasme, quando um desses tr\u00eas cones apresenta uma distor\u00e7\u00e3o, a\u00ed sim, acontece o daltonismo, ou seja, em caso de um cone com distor\u00e7\u00e3o, a pessoa n\u00e3o consegue enxergar as cores desse cone com suas tonalidades.<\/p>\n<h3>Tipos de daltonismo<\/h3>\n<p>Existem diferentes tipos de daltonismo, sendo classificados em:<\/p>\n<ul>\n<li><u>Protanopia<\/u>: pessoas com dificuldade para ver a cor vermelha. Elas t\u00eam uma defici\u00eancia ou aus\u00eancia do cone respons\u00e1vel pela percep\u00e7\u00e3o dessa cor. Sendo assim, o vermelho \u00e9 visto como tons de cinza ou marrom. Al\u00e9m disso, cores, como o roxo, podem parecer azuladas, podendo tamb\u00e9m confundir tons, como o verde e o marrom.<\/li>\n<\/ul>\n<ul>\n<li><u>Uteranopia:<\/u> pessoas com dificuldade para ver a cor verde. Nesses casos, as cores verdes s\u00e3o vistas como tons de amarelo ou cinza. Al\u00e9m disso, essas pessoas apresentam dificuldade em separar o roxo do azul.<\/li>\n<\/ul>\n<ul>\n<li><u>Tritanopia<\/u>: pessoas com dificuldade para ver a cor azul. Para essas pessoas, \u00e9 dif\u00edcil diferenciar tons de azul, verde e amarelo, aparecendo acinzentados, ou at\u00e9 mesmo, rosa.<\/li>\n<\/ul>\n<p><img loading=\"lazy\" decoding=\"async\" class=\"aligncenter wp-image-1865 size-full\" src=\"https:\/\/holhos.com.br\/blog\/wp-content\/uploads\/daltonismo2.png\" alt=\"Infogr\u00e1fico sobre os tipos de daltonismo, mostrando gradientes de cores e s\u00edmbolos representando diferentes condi\u00e7\u00f5es. A imagem ilustra a vis\u00e3o normal com c\u00edrculos coloridos, acromatopsia com um gradiente em tons de cinza, e diferentes tipos de daltonismo, como protanomalia, protanopia, deuteranomalia, deuteranopia, tritanomalia e tritanopia, com gradientes de cores variando entre vermelho, azul, verde e amarelo, cada um representando uma falha na percep\u00e7\u00e3o de cores espec\u00edficas.\" width=\"600\" height=\"400\" srcset=\"https:\/\/holhos.com.br\/blog\/wp-content\/uploads\/daltonismo2.png 600w, https:\/\/holhos.com.br\/blog\/wp-content\/uploads\/daltonismo2-300x200.png 300w, https:\/\/holhos.com.br\/blog\/wp-content\/uploads\/daltonismo2-150x100.png 150w\" sizes=\"auto, (max-width: 600px) 100vw, 600px\" \/><\/p>\n<h3>Sintomas do daltonismo<\/h3>\n<p>\u00c9 importante voc\u00ea conhecer para distinguir e ajudar outras pessoas sobre os diferentes sintomas desse dist\u00farbio ocular:<\/p>\n<ul>\n<li>Incapacidade de identificar cores<\/li>\n<li>Varia\u00e7\u00f5es e o brilho de determinados tons.<\/li>\n<\/ul>\n<h3>O que fazer na suspeita de daltonismo?<\/h3>\n<p>Quem estiver com suspeita de daltonismo, deve procurar um oftalmologista com urg\u00eancia para realiza\u00e7\u00e3o do teste de Ishihara. O processo de avalia\u00e7\u00e3o \u00e9 um dos meios para o correto diagn\u00f3stico desse dist\u00farbio ocular.<\/p>\n<h3>Tratamento para daltonismo<\/h3>\n<p>Ainda n\u00e3o existe um tratamento para o daltonismo, entretanto, n\u00e3o se preocupe, pois, afinal, existem alguns \u00f3culos que permitem a visibilidade das cores, como uma forma de corre\u00e7\u00e3o. O fato \u00e9 que esse tipo de acess\u00f3rio n\u00e3o cura o dist\u00farbio, mas permite uma amplia\u00e7\u00e3o no contraste entre os pigmentos.<\/p>\n<p><strong>Voc\u00ea est\u00e1 em dia com as visitas ao oftalmologista?<\/strong><\/p>\n<p>Telefone:\u00a0(31) 3289-2000<br \/>\nWhatsApp:\u00a0(31) 9 9821-9992<\/p>\n","protected":false},"excerpt":{"rendered":"<p>Muitas s\u00e3o as curiosidades que impressionam o brasileiro, e uma delas, \u00e9 o daltonismo. Afinal, voc\u00ea sabia que se trata de um dist\u00farbio ocular que afeta a percep\u00e7\u00e3o das cores?<\/p>\n","protected":false},"author":13,"featured_media":1866,"comment_status":"closed","ping_status":"closed","sticky":false,"template":"","format":"standard","meta":{"_acf_changed":false,"footnotes":""},"categories":[2],"tags":[],"class_list":["post-1863","post","type-post","status-publish","format-standard","has-post-thumbnail","hentry","category-tratamentos"],"acf":[],"yoast_head":"<!-- This site is optimized with the Yoast SEO plugin v27.5 - https:\/\/yoast.com\/product\/yoast-seo-wordpress\/ -->\n<title>Daltonismo compromete percep\u00e7\u00e3o das cores - HOlhos<\/title>\n<meta name=\"description\" content=\"O daltonismo interfere na percep\u00e7\u00e3o das cores. O H.Olhos mostra como a condi\u00e7\u00e3o impacta o dia a dia e quais s\u00e3o as op\u00e7\u00f5es de diagn\u00f3stico.\" \/>\n<meta name=\"robots\" content=\"index, follow, max-snippet:-1, max-image-preview:large, max-video-preview:-1\" \/>\n<link rel=\"canonical\" href=\"https:\/\/holhos.com.br\/blog\/daltonismo-compromete-percepcao-das-cores\/\" \/>\n<meta property=\"og:locale\" content=\"pt_BR\" \/>\n<meta property=\"og:type\" content=\"article\" \/>\n<meta property=\"og:title\" content=\"Daltonismo compromete percep\u00e7\u00e3o das cores - HOlhos\" \/>\n<meta property=\"og:description\" content=\"O daltonismo interfere na percep\u00e7\u00e3o das cores. O H.Olhos mostra como a condi\u00e7\u00e3o impacta o dia a dia e quais s\u00e3o as op\u00e7\u00f5es de diagn\u00f3stico.\" \/>\n<meta property=\"og:url\" content=\"https:\/\/holhos.com.br\/blog\/daltonismo-compromete-percepcao-das-cores\/\" \/>\n<meta property=\"og:site_name\" content=\"HOlhos\" \/>\n<meta property=\"article:published_time\" content=\"2023-11-03T15:16:32+00:00\" \/>\n<meta property=\"article:modified_time\" content=\"2025-06-27T18:05:46+00:00\" \/>\n<meta property=\"og:image\" content=\"https:\/\/holhos.com.br\/blog\/wp-content\/uploads\/daltonismo3-1024x691.png\" \/>\n\t<meta property=\"og:image:width\" content=\"1024\" \/>\n\t<meta property=\"og:image:height\" content=\"691\" \/>\n\t<meta property=\"og:image:type\" content=\"image\/png\" \/>\n<meta name=\"author\" content=\"ComunicacaoHolhos\" \/>\n<meta name=\"twitter:card\" content=\"summary_large_image\" \/>\n<meta name=\"twitter:label1\" content=\"Escrito por\" \/>\n\t<meta name=\"twitter:data1\" content=\"ComunicacaoHolhos\" \/>\n\t<meta name=\"twitter:label2\" content=\"Est. tempo de leitura\" \/>\n\t<meta name=\"twitter:data2\" content=\"3 minutos\" \/>\n<script type=\"application\/ld+json\" class=\"yoast-schema-graph\">{\"@context\":\"https:\\\/\\\/schema.org\",\"@graph\":[{\"@type\":\"Article\",\"@id\":\"https:\\\/\\\/holhos.com.br\\\/blog\\\/daltonismo-compromete-percepcao-das-cores\\\/#article\",\"isPartOf\":{\"@id\":\"https:\\\/\\\/holhos.com.br\\\/blog\\\/daltonismo-compromete-percepcao-das-cores\\\/\"},\"author\":{\"name\":\"ComunicacaoHolhos\",\"@id\":\"https:\\\/\\\/holhos.com.br\\\/blog\\\/#\\\/schema\\\/person\\\/542dd993649f9438b19cdbf2540be23d\"},\"headline\":\"Daltonismo compromete percep\u00e7\u00e3o das cores\",\"datePublished\":\"2023-11-03T15:16:32+00:00\",\"dateModified\":\"2025-06-27T18:05:46+00:00\",\"mainEntityOfPage\":{\"@id\":\"https:\\\/\\\/holhos.com.br\\\/blog\\\/daltonismo-compromete-percepcao-das-cores\\\/\"},\"wordCount\":453,\"image\":{\"@id\":\"https:\\\/\\\/holhos.com.br\\\/blog\\\/daltonismo-compromete-percepcao-das-cores\\\/#primaryimage\"},\"thumbnailUrl\":\"https:\\\/\\\/holhos.com.br\\\/blog\\\/wp-content\\\/uploads\\\/daltonismo3.png\",\"articleSection\":[\"Tratamentos\"],\"inLanguage\":\"pt-BR\"},{\"@type\":\"WebPage\",\"@id\":\"https:\\\/\\\/holhos.com.br\\\/blog\\\/daltonismo-compromete-percepcao-das-cores\\\/\",\"url\":\"https:\\\/\\\/holhos.com.br\\\/blog\\\/daltonismo-compromete-percepcao-das-cores\\\/\",\"name\":\"Daltonismo compromete percep\u00e7\u00e3o das cores - HOlhos\",\"isPartOf\":{\"@id\":\"https:\\\/\\\/holhos.com.br\\\/blog\\\/#website\"},\"primaryImageOfPage\":{\"@id\":\"https:\\\/\\\/holhos.com.br\\\/blog\\\/daltonismo-compromete-percepcao-das-cores\\\/#primaryimage\"},\"image\":{\"@id\":\"https:\\\/\\\/holhos.com.br\\\/blog\\\/daltonismo-compromete-percepcao-das-cores\\\/#primaryimage\"},\"thumbnailUrl\":\"https:\\\/\\\/holhos.com.br\\\/blog\\\/wp-content\\\/uploads\\\/daltonismo3.png\",\"datePublished\":\"2023-11-03T15:16:32+00:00\",\"dateModified\":\"2025-06-27T18:05:46+00:00\",\"author\":{\"@id\":\"https:\\\/\\\/holhos.com.br\\\/blog\\\/#\\\/schema\\\/person\\\/542dd993649f9438b19cdbf2540be23d\"},\"description\":\"O daltonismo interfere na percep\u00e7\u00e3o das cores. O H.Olhos mostra como a condi\u00e7\u00e3o impacta o dia a dia e quais s\u00e3o as op\u00e7\u00f5es de diagn\u00f3stico.\",\"breadcrumb\":{\"@id\":\"https:\\\/\\\/holhos.com.br\\\/blog\\\/daltonismo-compromete-percepcao-das-cores\\\/#breadcrumb\"},\"inLanguage\":\"pt-BR\",\"potentialAction\":[{\"@type\":\"ReadAction\",\"target\":[\"https:\\\/\\\/holhos.com.br\\\/blog\\\/daltonismo-compromete-percepcao-das-cores\\\/\"]}]},{\"@type\":\"ImageObject\",\"inLanguage\":\"pt-BR\",\"@id\":\"https:\\\/\\\/holhos.com.br\\\/blog\\\/daltonismo-compromete-percepcao-das-cores\\\/#primaryimage\",\"url\":\"https:\\\/\\\/holhos.com.br\\\/blog\\\/wp-content\\\/uploads\\\/daltonismo3.png\",\"contentUrl\":\"https:\\\/\\\/holhos.com.br\\\/blog\\\/wp-content\\\/uploads\\\/daltonismo3.png\",\"width\":1512,\"height\":1021},{\"@type\":\"BreadcrumbList\",\"@id\":\"https:\\\/\\\/holhos.com.br\\\/blog\\\/daltonismo-compromete-percepcao-das-cores\\\/#breadcrumb\",\"itemListElement\":[{\"@type\":\"ListItem\",\"position\":1,\"name\":\"Home\",\"item\":\"https:\\\/\\\/holhos.com.br\\\/blog\\\/\"},{\"@type\":\"ListItem\",\"position\":2,\"name\":\"Daltonismo compromete percep\u00e7\u00e3o das cores\"}]},{\"@type\":\"WebSite\",\"@id\":\"https:\\\/\\\/holhos.com.br\\\/blog\\\/#website\",\"url\":\"https:\\\/\\\/holhos.com.br\\\/blog\\\/\",\"name\":\"HOlhos\",\"description\":\"Blog\",\"potentialAction\":[{\"@type\":\"SearchAction\",\"target\":{\"@type\":\"EntryPoint\",\"urlTemplate\":\"https:\\\/\\\/holhos.com.br\\\/blog\\\/?s={search_term_string}\"},\"query-input\":{\"@type\":\"PropertyValueSpecification\",\"valueRequired\":true,\"valueName\":\"search_term_string\"}}],\"inLanguage\":\"pt-BR\"},{\"@type\":\"Person\",\"@id\":\"https:\\\/\\\/holhos.com.br\\\/blog\\\/#\\\/schema\\\/person\\\/542dd993649f9438b19cdbf2540be23d\",\"name\":\"ComunicacaoHolhos\",\"image\":{\"@type\":\"ImageObject\",\"inLanguage\":\"pt-BR\",\"@id\":\"https:\\\/\\\/secure.gravatar.com\\\/avatar\\\/3db906490c4168995a69a1c434230a85239247ef3b6e0a1f6348720043cdda91?s=96&d=mm&r=g\",\"url\":\"https:\\\/\\\/secure.gravatar.com\\\/avatar\\\/3db906490c4168995a69a1c434230a85239247ef3b6e0a1f6348720043cdda91?s=96&d=mm&r=g\",\"contentUrl\":\"https:\\\/\\\/secure.gravatar.com\\\/avatar\\\/3db906490c4168995a69a1c434230a85239247ef3b6e0a1f6348720043cdda91?s=96&d=mm&r=g\",\"caption\":\"ComunicacaoHolhos\"}}]}<\/script>\n<!-- \/ Yoast SEO plugin. -->","yoast_head_json":{"title":"Daltonismo compromete percep\u00e7\u00e3o das cores - HOlhos","description":"O daltonismo interfere na percep\u00e7\u00e3o das cores. O H.Olhos mostra como a condi\u00e7\u00e3o impacta o dia a dia e quais s\u00e3o as op\u00e7\u00f5es de diagn\u00f3stico.","robots":{"index":"index","follow":"follow","max-snippet":"max-snippet:-1","max-image-preview":"max-image-preview:large","max-video-preview":"max-video-preview:-1"},"canonical":"https:\/\/holhos.com.br\/blog\/daltonismo-compromete-percepcao-das-cores\/","og_locale":"pt_BR","og_type":"article","og_title":"Daltonismo compromete percep\u00e7\u00e3o das cores - HOlhos","og_description":"O daltonismo interfere na percep\u00e7\u00e3o das cores. O H.Olhos mostra como a condi\u00e7\u00e3o impacta o dia a dia e quais s\u00e3o as op\u00e7\u00f5es de diagn\u00f3stico.","og_url":"https:\/\/holhos.com.br\/blog\/daltonismo-compromete-percepcao-das-cores\/","og_site_name":"HOlhos","article_published_time":"2023-11-03T15:16:32+00:00","article_modified_time":"2025-06-27T18:05:46+00:00","og_image":[{"width":1024,"height":691,"url":"https:\/\/holhos.com.br\/blog\/wp-content\/uploads\/daltonismo3-1024x691.png","type":"image\/png"}],"author":"ComunicacaoHolhos","twitter_card":"summary_large_image","twitter_misc":{"Escrito por":"ComunicacaoHolhos","Est. tempo de leitura":"3 minutos"},"schema":{"@context":"https:\/\/schema.org","@graph":[{"@type":"Article","@id":"https:\/\/holhos.com.br\/blog\/daltonismo-compromete-percepcao-das-cores\/#article","isPartOf":{"@id":"https:\/\/holhos.com.br\/blog\/daltonismo-compromete-percepcao-das-cores\/"},"author":{"name":"ComunicacaoHolhos","@id":"https:\/\/holhos.com.br\/blog\/#\/schema\/person\/542dd993649f9438b19cdbf2540be23d"},"headline":"Daltonismo compromete percep\u00e7\u00e3o das cores","datePublished":"2023-11-03T15:16:32+00:00","dateModified":"2025-06-27T18:05:46+00:00","mainEntityOfPage":{"@id":"https:\/\/holhos.com.br\/blog\/daltonismo-compromete-percepcao-das-cores\/"},"wordCount":453,"image":{"@id":"https:\/\/holhos.com.br\/blog\/daltonismo-compromete-percepcao-das-cores\/#primaryimage"},"thumbnailUrl":"https:\/\/holhos.com.br\/blog\/wp-content\/uploads\/daltonismo3.png","articleSection":["Tratamentos"],"inLanguage":"pt-BR"},{"@type":"WebPage","@id":"https:\/\/holhos.com.br\/blog\/daltonismo-compromete-percepcao-das-cores\/","url":"https:\/\/holhos.com.br\/blog\/daltonismo-compromete-percepcao-das-cores\/","name":"Daltonismo compromete percep\u00e7\u00e3o das cores - HOlhos","isPartOf":{"@id":"https:\/\/holhos.com.br\/blog\/#website"},"primaryImageOfPage":{"@id":"https:\/\/holhos.com.br\/blog\/daltonismo-compromete-percepcao-das-cores\/#primaryimage"},"image":{"@id":"https:\/\/holhos.com.br\/blog\/daltonismo-compromete-percepcao-das-cores\/#primaryimage"},"thumbnailUrl":"https:\/\/holhos.com.br\/blog\/wp-content\/uploads\/daltonismo3.png","datePublished":"2023-11-03T15:16:32+00:00","dateModified":"2025-06-27T18:05:46+00:00","author":{"@id":"https:\/\/holhos.com.br\/blog\/#\/schema\/person\/542dd993649f9438b19cdbf2540be23d"},"description":"O daltonismo interfere na percep\u00e7\u00e3o das cores. O H.Olhos mostra como a condi\u00e7\u00e3o impacta o dia a dia e quais s\u00e3o as op\u00e7\u00f5es de diagn\u00f3stico.","breadcrumb":{"@id":"https:\/\/holhos.com.br\/blog\/daltonismo-compromete-percepcao-das-cores\/#breadcrumb"},"inLanguage":"pt-BR","potentialAction":[{"@type":"ReadAction","target":["https:\/\/holhos.com.br\/blog\/daltonismo-compromete-percepcao-das-cores\/"]}]},{"@type":"ImageObject","inLanguage":"pt-BR","@id":"https:\/\/holhos.com.br\/blog\/daltonismo-compromete-percepcao-das-cores\/#primaryimage","url":"https:\/\/holhos.com.br\/blog\/wp-content\/uploads\/daltonismo3.png","contentUrl":"https:\/\/holhos.com.br\/blog\/wp-content\/uploads\/daltonismo3.png","width":1512,"height":1021},{"@type":"BreadcrumbList","@id":"https:\/\/holhos.com.br\/blog\/daltonismo-compromete-percepcao-das-cores\/#breadcrumb","itemListElement":[{"@type":"ListItem","position":1,"name":"Home","item":"https:\/\/holhos.com.br\/blog\/"},{"@type":"ListItem","position":2,"name":"Daltonismo compromete percep\u00e7\u00e3o das cores"}]},{"@type":"WebSite","@id":"https:\/\/holhos.com.br\/blog\/#website","url":"https:\/\/holhos.com.br\/blog\/","name":"HOlhos","description":"Blog","potentialAction":[{"@type":"SearchAction","target":{"@type":"EntryPoint","urlTemplate":"https:\/\/holhos.com.br\/blog\/?s={search_term_string}"},"query-input":{"@type":"PropertyValueSpecification","valueRequired":true,"valueName":"search_term_string"}}],"inLanguage":"pt-BR"},{"@type":"Person","@id":"https:\/\/holhos.com.br\/blog\/#\/schema\/person\/542dd993649f9438b19cdbf2540be23d","name":"ComunicacaoHolhos","image":{"@type":"ImageObject","inLanguage":"pt-BR","@id":"https:\/\/secure.gravatar.com\/avatar\/3db906490c4168995a69a1c434230a85239247ef3b6e0a1f6348720043cdda91?s=96&d=mm&r=g","url":"https:\/\/secure.gravatar.com\/avatar\/3db906490c4168995a69a1c434230a85239247ef3b6e0a1f6348720043cdda91?s=96&d=mm&r=g","contentUrl":"https:\/\/secure.gravatar.com\/avatar\/3db906490c4168995a69a1c434230a85239247ef3b6e0a1f6348720043cdda91?s=96&d=mm&r=g","caption":"ComunicacaoHolhos"}}]}},"_links":{"self":[{"href":"https:\/\/holhos.com.br\/blog\/wp-json\/wp\/v2\/posts\/1863","targetHints":{"allow":["GET"]}}],"collection":[{"href":"https:\/\/holhos.com.br\/blog\/wp-json\/wp\/v2\/posts"}],"about":[{"href":"https:\/\/holhos.com.br\/blog\/wp-json\/wp\/v2\/types\/post"}],"author":[{"embeddable":true,"href":"https:\/\/holhos.com.br\/blog\/wp-json\/wp\/v2\/users\/13"}],"replies":[{"embeddable":true,"href":"https:\/\/holhos.com.br\/blog\/wp-json\/wp\/v2\/comments?post=1863"}],"version-history":[{"count":5,"href":"https:\/\/holhos.com.br\/blog\/wp-json\/wp\/v2\/posts\/1863\/revisions"}],"predecessor-version":[{"id":2246,"href":"https:\/\/holhos.com.br\/blog\/wp-json\/wp\/v2\/posts\/1863\/revisions\/2246"}],"wp:featuredmedia":[{"embeddable":true,"href":"https:\/\/holhos.com.br\/blog\/wp-json\/wp\/v2\/media\/1866"}],"wp:attachment":[{"href":"https:\/\/holhos.com.br\/blog\/wp-json\/wp\/v2\/media?parent=1863"}],"wp:term":[{"taxonomy":"category","embeddable":true,"href":"https:\/\/holhos.com.br\/blog\/wp-json\/wp\/v2\/categories?post=1863"},{"taxonomy":"post_tag","embeddable":true,"href":"https:\/\/holhos.com.br\/blog\/wp-json\/wp\/v2\/tags?post=1863"}],"curies":[{"name":"wp","href":"https:\/\/api.w.org\/{rel}","templated":true}]}}