{"id":406,"date":"2017-12-22T10:21:40","date_gmt":"2017-12-22T12:21:40","guid":{"rendered":"https:\/\/holhos.com.br\/blog\/?p=406"},"modified":"2025-06-17T15:01:47","modified_gmt":"2025-06-17T18:01:47","slug":"ferias-na-neve","status":"publish","type":"post","link":"https:\/\/holhos.com.br\/blog\/ferias-na-neve\/","title":{"rendered":"F\u00e9rias na neve: saiba como proteger os olhos em pa\u00edses frios"},"content":{"rendered":"<p><img loading=\"lazy\" decoding=\"async\" class=\"wp-image-396\" src=\"https:\/\/holhos.com.br\/blog\/wp-content\/uploads\/iStock-587944098.jpg\" alt=\"\" width=\"769\" height=\"500\" srcset=\"https:\/\/holhos.com.br\/blog\/wp-content\/uploads\/iStock-587944098.jpg 1270w, https:\/\/holhos.com.br\/blog\/wp-content\/uploads\/iStock-587944098-300x195.jpg 300w, https:\/\/holhos.com.br\/blog\/wp-content\/uploads\/iStock-587944098-768x500.jpg 768w, https:\/\/holhos.com.br\/blog\/wp-content\/uploads\/iStock-587944098-1024x666.jpg 1024w\" sizes=\"auto, (max-width: 769px) 100vw, 769px\" \/><\/p>\n<p>Normalmente, quem escolhe um destino de praia para uma temporada de lazer e descanso tem a preocupa\u00e7\u00e3o de proteger os olhos do sol. Mas voc\u00ea sabia que esse cuidado tamb\u00e9m \u00e9 essencial quando voc\u00ea vai ficar exposto em locais com\u00a0 neve?<\/p>\n<p>Isso porque, nessas condi\u00e7\u00f5es, o efeito dos raios solares \u00e9 potencializado. S\u00f3 para voc\u00ea ter uma ideia, enquanto a areia tem a capacidade de refletir cerca de 15% dos raios ultravioleta, a neve pode refletir at\u00e9 80% da radia\u00e7\u00e3o sobre os olhos.<\/p>\n<p>Outro agravante \u00e9 que como as esta\u00e7\u00f5es de esqui est\u00e3o no topo das montanhas, devido \u00e0 altitude, a incid\u00eancia de raios UV \u00e9 muito maior. Por isso, quem vai aproveitar as f\u00e9rias nesses locais precisa contar com prote\u00e7\u00e3o adequada para evitar problemas como <strong>queimaduras e inflama\u00e7\u00f5es oculares<\/strong> ou at\u00e9 a <strong>cegueira da neve<\/strong>.<\/p>\n<p>E para que voc\u00ea possa sair tranquilo de f\u00e9rias e aproveitar da melhor maneira com a fam\u00edlia, separamos algumas dicas de cuidados com os olhos em pa\u00edses frios para que a divers\u00e3o seja garantida. Acompanhe!<\/p>\n<h1>Invista em \u00f3culos de sol pr\u00f3prios para neve com prote\u00e7\u00e3o adequada<\/h1>\n<p>Se \u00e9 hora de aproveitar uma temporada de f\u00e9rias na neve, tenha em mente que os <a href=\"https:\/\/holhos.com.br\/blog\/quatro-motivos-para-voce-desistir-de-comprar-oculos-de-sol-pirata\/\">\u00f3culos de sol<\/a> necess\u00e1rios para essa ocasi\u00e3o s\u00e3o diferentes daqueles que voc\u00ea usa normalmente.<\/p>\n<p>Na hora de escolher o modelo certo para a sua viagem, \u00e9 importante levar em considera\u00e7\u00e3o alguns fatores:<\/p>\n<p style=\"padding-left: 30px;\">\u25cf <strong>Fator de prote\u00e7\u00e3o para raios UV.<\/strong> Verifique na etiqueta se o modelo escolhido oferece no m\u00ednimo 98% de prote\u00e7\u00e3o contra raios UVA e UVB. N\u00e3o use modelos sem especifica\u00e7\u00e3o detalhada do fator de prote\u00e7\u00e3o.<\/p>\n<p style=\"padding-left: 30px;\">\u25cf <strong>N\u00e3o se deixe influenciar pela cor da lente.<\/strong> Lentes cinza, laranja e at\u00e9 transparentes podem oferecer a mesma prote\u00e7\u00e3o que aquelas mais escuras, j\u00e1 que a cor n\u00e3o\u00a0 est\u00e1 relacionada ao n\u00edvel de prote\u00e7\u00e3o oferecido.<\/p>\n<p style=\"padding-left: 30px;\">\u25cf <strong>Evite modelos com lentes pequenas.<\/strong> Escolha um modelo que cubra as laterais do rosto, com o intuito de evitar que a entrada da luz cause queimaduras de sol nos olhos. O ideal mesmo \u00e9 optar por lentes que envolvam e consequentemente protejam toda a regi\u00e3o.<\/p>\n<p style=\"padding-left: 30px;\">\u25cf <strong>Opte por lentes polarizadas.<\/strong> Se o plano \u00e9 esquiar ou praticar algum outro esporte na neve, as lentes polarizadas s\u00e3o a melhor op\u00e7\u00e3o, j\u00e1 que bloqueiam as ondas de luz respons\u00e1veis pelo brilho do sol, evitando o ofuscamento e garantindo uma vis\u00e3o mais n\u00edtida.<\/p>\n<p style=\"padding-left: 30px;\">\u25cf <strong>Escolha os \u00f3culos no tamanho adequado para o seu rosto<\/strong>. Escolha \u00f3culos que protejam bem a \u00e1rea dos olhos e que fiquem firmes\u00a0 no rosto, sem apertar demais.<\/p>\n<p><img loading=\"lazy\" decoding=\"async\" class=\"wp-image-395 aligncenter\" src=\"https:\/\/holhos.com.br\/blog\/wp-content\/uploads\/iStock-624872986.jpg\" alt=\"\" width=\"749\" height=\"500\" srcset=\"https:\/\/holhos.com.br\/blog\/wp-content\/uploads\/iStock-624872986.jpg 1254w, https:\/\/holhos.com.br\/blog\/wp-content\/uploads\/iStock-624872986-300x200.jpg 300w, https:\/\/holhos.com.br\/blog\/wp-content\/uploads\/iStock-624872986-768x513.jpg 768w, https:\/\/holhos.com.br\/blog\/wp-content\/uploads\/iStock-624872986-1024x683.jpg 1024w\" sizes=\"auto, (max-width: 749px) 100vw, 749px\" \/><\/p>\n<h1>N\u00e3o abra m\u00e3o dos \u00f3culos de sol mesmo em dias nublados<\/h1>\n<p>Como o efeito dos raios ultravioleta \u00e9 cumulativo, \u00e9 importante que os olhos estejam protegidos mesmo nos dias menos ensolarados.<\/p>\n<p>Isso porque, apesar de nuvens espessas realmente bloquearem os raios UV, uma camada de nuvens finas pode atenuar a luz de maneira consider\u00e1vel, mas n\u00e3o surtir tanto efeito no bloqueio da radia\u00e7\u00e3o.<\/p>\n<p>N\u00e3o esque\u00e7a: os olhos necessitam da prote\u00e7\u00e3o para que sejam saud\u00e1veis. Portanto, n\u00e3o dispense os \u00f3culos de sol mesmo em dias nublados.<\/p>\n<h1>Use \u00f3culos de sol mesmo se estiver com lentes de contato<\/h1>\n<p>Ainda que as lentes de contato possuam prote\u00e7\u00e3o contra raios ultravioleta, \u00e9 importante usar \u00f3culos de sol. Isso para evitar queimadura nos olhos.<\/p>\n<p>Apesar de serem eficientes na prote\u00e7\u00e3o da c\u00f3rnea (tecido transparente que fica na parte da frente do olho), as lentes de contato deixam desprotegidas tanto a conjuntiva, conhecida popularmente como a regi\u00e3o branca dos olhos, como a pele da regi\u00e3o. Portanto, n\u00e3o dispense os \u00f3culos de sol durante as f\u00e9rias na neve.<\/p>\n<h1>Como adaptar os \u00f3culos de grau<\/h1>\n<p>Para quem j\u00e1 utiliza \u00f3culos de grau e n\u00e3o quer comprar um novo par apenas para a temporada de f\u00e9rias na neve, \u00e9 poss\u00edvel revestir as\u00a0 lentes com prote\u00e7\u00e3o ultravioleta.<\/p>\n<p>Outra op\u00e7\u00e3o \u00e9 comprar uma viseira de esqui que possua um espa\u00e7o nas extremidades, em que seja poss\u00edvel encaixar os \u00f3culos de grau.<\/p>\n<h1>Use col\u00edrios para lubrificar os olhos<\/h1>\n<p>Como o ar em regi\u00f5es montanhosas \u00e9 bem mais seco, \u00e9 importante n\u00e3o descuidar da lubrifica\u00e7\u00e3o dos olhos. Isso \u00e9 necess\u00e1rio para evitar a chamada \u201cs\u00edndrome do olho seco\u201d, condi\u00e7\u00e3o caracterizada pelo ressecamento da superf\u00edcie do olho, da conjuntiva ou da c\u00f3rnea que provoca desconforto, coceira e vis\u00e3o emba\u00e7ada.<\/p>\n<p>Normalmente, o problema pode ser resolvido com o uso de lubrificantes oculares, em col\u00edrio ou gel. \u00c9 importante, por\u00e9m, que voc\u00ea n\u00e3o fa\u00e7a uso indiscriminado desse tipo de produto sem prescri\u00e7\u00e3o m\u00e9dica. Antes de viajar, consulte um oftalmologista de sua confian\u00e7a.<\/p>\n<h1>Proteja seus olhos e evite inflama\u00e7\u00f5es oculares<\/h1>\n<p>A exposi\u00e7\u00e3o excessiva sem prote\u00e7\u00e3o contra os raios ultravioleta pode agredir a c\u00f3rnea e provocar uma inflama\u00e7\u00e3o chamada de ceratite. Se n\u00e3o for tratada adequadamente, ela pode causar les\u00e3o grave e afetar outras \u00e1reas do olho, diminuindo sua capacidade visual ou at\u00e9 mesmo ocasionando a perda da vis\u00e3o.<\/p>\n<p>\u00c9 importante ficar atento aos sintomas, que podem levar entre 6 e 12 horas para surgir. Se voc\u00ea sentir <a href=\"https:\/\/holhos.com.br\/blog\/prevenir-catarata\/\">sensibilidade \u00e0 luz<\/a>, vis\u00e3o borrada, dor ocular intensa, vermelhid\u00e3o nos olhos, pupilas contra\u00eddas, lacrimejamento excessivo ou edema palpebral, consulte um oftalmologista o quanto antes.<\/p>\n<h1>Proteja seus olhos do sol e da catarata precoce<\/h1>\n<p>Al\u00e9m disso, expor-se aos raios UV sem a devida prote\u00e7\u00e3o aumenta o risco do surgimento de problemas como a \u00a0<a href=\"https:\/\/holhos.com.br\/blog\/prevenir-catarata\/\">catarata<\/a>, isto \u00e9, degenera\u00e7\u00e3o causada pelo ac\u00famulo desordenado de prote\u00ednas no cristalino do olho, respons\u00e1vel por metade dos casos de cegueira no mundo.<\/p>\n<p>Gostou de entender mais sobre a import\u00e2ncia de proteger os olhos durante suas viagens a pa\u00edses frios? Se voc\u00ea tiver d\u00favidas ou necessitar de orienta\u00e7\u00e3o especializada, <a href=\"https:\/\/holhos.com.br\/blog\/?MarqueConsulta=1\"><u>marque uma consulta<\/u><\/a> com um de nossos especialistas.<\/p>\n<p>Aproveite as f\u00e9rias e boa viagem!<\/p>\n","protected":false},"excerpt":{"rendered":"<p>Se voc\u00ea vai passar f\u00e9rias na neve, fique atento aos cuidados b\u00e1sicos para a prote\u00e7\u00e3o dos olhos.<\/p>\n","protected":false},"author":13,"featured_media":396,"comment_status":"open","ping_status":"open","sticky":false,"template":"","format":"standard","meta":{"_acf_changed":false,"footnotes":""},"categories":[16],"tags":[17],"class_list":["post-406","post","type-post","status-publish","format-standard","has-post-thumbnail","hentry","category-cuidados","tag-olhos"],"acf":[],"yoast_head":"<!-- This site is optimized with the Yoast SEO plugin v27.5 - https:\/\/yoast.com\/product\/yoast-seo-wordpress\/ -->\n<title>F\u00e9rias na neve: saiba como proteger os olhos em pa\u00edses frios - HOlhos<\/title>\n<meta name=\"description\" content=\"Pretende passar as f\u00e9rias curtindo o frio e a neve? Ent\u00e3o conhe\u00e7a aqui quais s\u00e3o os cuidados b\u00e1sicos necess\u00e1rios para proteger seu olhos.\" \/>\n<meta name=\"robots\" content=\"index, follow, max-snippet:-1, max-image-preview:large, max-video-preview:-1\" \/>\n<link rel=\"canonical\" href=\"https:\/\/holhos.com.br\/blog\/ferias-na-neve\/\" \/>\n<meta property=\"og:locale\" content=\"pt_BR\" \/>\n<meta property=\"og:type\" content=\"article\" \/>\n<meta property=\"og:title\" content=\"F\u00e9rias na neve: saiba como proteger os olhos em pa\u00edses frios - HOlhos\" \/>\n<meta property=\"og:description\" content=\"Pretende passar as f\u00e9rias curtindo o frio e a neve? Ent\u00e3o conhe\u00e7a aqui quais s\u00e3o os cuidados b\u00e1sicos necess\u00e1rios para proteger seu olhos.\" \/>\n<meta property=\"og:url\" content=\"https:\/\/holhos.com.br\/blog\/ferias-na-neve\/\" \/>\n<meta property=\"og:site_name\" content=\"HOlhos\" \/>\n<meta property=\"article:published_time\" content=\"2017-12-22T12:21:40+00:00\" \/>\n<meta property=\"article:modified_time\" content=\"2025-06-17T18:01:47+00:00\" \/>\n<meta property=\"og:image\" content=\"https:\/\/holhos.com.br\/blog\/wp-content\/uploads\/iStock-587944098.jpg\" \/>\n\t<meta property=\"og:image:width\" content=\"1270\" \/>\n\t<meta property=\"og:image:height\" content=\"826\" \/>\n\t<meta property=\"og:image:type\" content=\"image\/jpeg\" \/>\n<meta name=\"author\" content=\"ComunicacaoHolhos\" \/>\n<meta name=\"twitter:card\" content=\"summary_large_image\" \/>\n<meta name=\"twitter:label1\" content=\"Escrito por\" \/>\n\t<meta name=\"twitter:data1\" content=\"ComunicacaoHolhos\" \/>\n\t<meta name=\"twitter:label2\" content=\"Est. tempo de leitura\" \/>\n\t<meta name=\"twitter:data2\" content=\"6 minutos\" \/>\n<script type=\"application\/ld+json\" class=\"yoast-schema-graph\">{\"@context\":\"https:\\\/\\\/schema.org\",\"@graph\":[{\"@type\":\"Article\",\"@id\":\"https:\\\/\\\/holhos.com.br\\\/blog\\\/ferias-na-neve\\\/#article\",\"isPartOf\":{\"@id\":\"https:\\\/\\\/holhos.com.br\\\/blog\\\/ferias-na-neve\\\/\"},\"author\":{\"name\":\"ComunicacaoHolhos\",\"@id\":\"https:\\\/\\\/holhos.com.br\\\/blog\\\/#\\\/schema\\\/person\\\/542dd993649f9438b19cdbf2540be23d\"},\"headline\":\"F\u00e9rias na neve: saiba como proteger os olhos em pa\u00edses frios\",\"datePublished\":\"2017-12-22T12:21:40+00:00\",\"dateModified\":\"2025-06-17T18:01:47+00:00\",\"mainEntityOfPage\":{\"@id\":\"https:\\\/\\\/holhos.com.br\\\/blog\\\/ferias-na-neve\\\/\"},\"wordCount\":1020,\"commentCount\":0,\"image\":{\"@id\":\"https:\\\/\\\/holhos.com.br\\\/blog\\\/ferias-na-neve\\\/#primaryimage\"},\"thumbnailUrl\":\"https:\\\/\\\/holhos.com.br\\\/blog\\\/wp-content\\\/uploads\\\/iStock-587944098.jpg\",\"keywords\":[\"olhos\"],\"articleSection\":[\"Cuidados\"],\"inLanguage\":\"pt-BR\",\"potentialAction\":[{\"@type\":\"CommentAction\",\"name\":\"Comment\",\"target\":[\"https:\\\/\\\/holhos.com.br\\\/blog\\\/ferias-na-neve\\\/#respond\"]}]},{\"@type\":\"WebPage\",\"@id\":\"https:\\\/\\\/holhos.com.br\\\/blog\\\/ferias-na-neve\\\/\",\"url\":\"https:\\\/\\\/holhos.com.br\\\/blog\\\/ferias-na-neve\\\/\",\"name\":\"F\u00e9rias na neve: saiba como proteger os olhos em pa\u00edses frios - HOlhos\",\"isPartOf\":{\"@id\":\"https:\\\/\\\/holhos.com.br\\\/blog\\\/#website\"},\"primaryImageOfPage\":{\"@id\":\"https:\\\/\\\/holhos.com.br\\\/blog\\\/ferias-na-neve\\\/#primaryimage\"},\"image\":{\"@id\":\"https:\\\/\\\/holhos.com.br\\\/blog\\\/ferias-na-neve\\\/#primaryimage\"},\"thumbnailUrl\":\"https:\\\/\\\/holhos.com.br\\\/blog\\\/wp-content\\\/uploads\\\/iStock-587944098.jpg\",\"datePublished\":\"2017-12-22T12:21:40+00:00\",\"dateModified\":\"2025-06-17T18:01:47+00:00\",\"author\":{\"@id\":\"https:\\\/\\\/holhos.com.br\\\/blog\\\/#\\\/schema\\\/person\\\/542dd993649f9438b19cdbf2540be23d\"},\"description\":\"Pretende passar as f\u00e9rias curtindo o frio e a neve? Ent\u00e3o conhe\u00e7a aqui quais s\u00e3o os cuidados b\u00e1sicos necess\u00e1rios para proteger seu olhos.\",\"breadcrumb\":{\"@id\":\"https:\\\/\\\/holhos.com.br\\\/blog\\\/ferias-na-neve\\\/#breadcrumb\"},\"inLanguage\":\"pt-BR\",\"potentialAction\":[{\"@type\":\"ReadAction\",\"target\":[\"https:\\\/\\\/holhos.com.br\\\/blog\\\/ferias-na-neve\\\/\"]}]},{\"@type\":\"ImageObject\",\"inLanguage\":\"pt-BR\",\"@id\":\"https:\\\/\\\/holhos.com.br\\\/blog\\\/ferias-na-neve\\\/#primaryimage\",\"url\":\"https:\\\/\\\/holhos.com.br\\\/blog\\\/wp-content\\\/uploads\\\/iStock-587944098.jpg\",\"contentUrl\":\"https:\\\/\\\/holhos.com.br\\\/blog\\\/wp-content\\\/uploads\\\/iStock-587944098.jpg\",\"width\":1270,\"height\":826,\"caption\":\"f\u00e9rias\"},{\"@type\":\"BreadcrumbList\",\"@id\":\"https:\\\/\\\/holhos.com.br\\\/blog\\\/ferias-na-neve\\\/#breadcrumb\",\"itemListElement\":[{\"@type\":\"ListItem\",\"position\":1,\"name\":\"Home\",\"item\":\"https:\\\/\\\/holhos.com.br\\\/blog\\\/\"},{\"@type\":\"ListItem\",\"position\":2,\"name\":\"F\u00e9rias na neve: saiba como proteger os olhos em pa\u00edses frios\"}]},{\"@type\":\"WebSite\",\"@id\":\"https:\\\/\\\/holhos.com.br\\\/blog\\\/#website\",\"url\":\"https:\\\/\\\/holhos.com.br\\\/blog\\\/\",\"name\":\"HOlhos\",\"description\":\"Blog\",\"potentialAction\":[{\"@type\":\"SearchAction\",\"target\":{\"@type\":\"EntryPoint\",\"urlTemplate\":\"https:\\\/\\\/holhos.com.br\\\/blog\\\/?s={search_term_string}\"},\"query-input\":{\"@type\":\"PropertyValueSpecification\",\"valueRequired\":true,\"valueName\":\"search_term_string\"}}],\"inLanguage\":\"pt-BR\"},{\"@type\":\"Person\",\"@id\":\"https:\\\/\\\/holhos.com.br\\\/blog\\\/#\\\/schema\\\/person\\\/542dd993649f9438b19cdbf2540be23d\",\"name\":\"ComunicacaoHolhos\",\"image\":{\"@type\":\"ImageObject\",\"inLanguage\":\"pt-BR\",\"@id\":\"https:\\\/\\\/secure.gravatar.com\\\/avatar\\\/3db906490c4168995a69a1c434230a85239247ef3b6e0a1f6348720043cdda91?s=96&d=mm&r=g\",\"url\":\"https:\\\/\\\/secure.gravatar.com\\\/avatar\\\/3db906490c4168995a69a1c434230a85239247ef3b6e0a1f6348720043cdda91?s=96&d=mm&r=g\",\"contentUrl\":\"https:\\\/\\\/secure.gravatar.com\\\/avatar\\\/3db906490c4168995a69a1c434230a85239247ef3b6e0a1f6348720043cdda91?s=96&d=mm&r=g\",\"caption\":\"ComunicacaoHolhos\"}}]}<\/script>\n<!-- \/ Yoast SEO plugin. -->","yoast_head_json":{"title":"F\u00e9rias na neve: saiba como proteger os olhos em pa\u00edses frios - HOlhos","description":"Pretende passar as f\u00e9rias curtindo o frio e a neve? Ent\u00e3o conhe\u00e7a aqui quais s\u00e3o os cuidados b\u00e1sicos necess\u00e1rios para proteger seu olhos.","robots":{"index":"index","follow":"follow","max-snippet":"max-snippet:-1","max-image-preview":"max-image-preview:large","max-video-preview":"max-video-preview:-1"},"canonical":"https:\/\/holhos.com.br\/blog\/ferias-na-neve\/","og_locale":"pt_BR","og_type":"article","og_title":"F\u00e9rias na neve: saiba como proteger os olhos em pa\u00edses frios - HOlhos","og_description":"Pretende passar as f\u00e9rias curtindo o frio e a neve? Ent\u00e3o conhe\u00e7a aqui quais s\u00e3o os cuidados b\u00e1sicos necess\u00e1rios para proteger seu olhos.","og_url":"https:\/\/holhos.com.br\/blog\/ferias-na-neve\/","og_site_name":"HOlhos","article_published_time":"2017-12-22T12:21:40+00:00","article_modified_time":"2025-06-17T18:01:47+00:00","og_image":[{"width":1270,"height":826,"url":"https:\/\/holhos.com.br\/blog\/wp-content\/uploads\/iStock-587944098.jpg","type":"image\/jpeg"}],"author":"ComunicacaoHolhos","twitter_card":"summary_large_image","twitter_misc":{"Escrito por":"ComunicacaoHolhos","Est. tempo de leitura":"6 minutos"},"schema":{"@context":"https:\/\/schema.org","@graph":[{"@type":"Article","@id":"https:\/\/holhos.com.br\/blog\/ferias-na-neve\/#article","isPartOf":{"@id":"https:\/\/holhos.com.br\/blog\/ferias-na-neve\/"},"author":{"name":"ComunicacaoHolhos","@id":"https:\/\/holhos.com.br\/blog\/#\/schema\/person\/542dd993649f9438b19cdbf2540be23d"},"headline":"F\u00e9rias na neve: saiba como proteger os olhos em pa\u00edses frios","datePublished":"2017-12-22T12:21:40+00:00","dateModified":"2025-06-17T18:01:47+00:00","mainEntityOfPage":{"@id":"https:\/\/holhos.com.br\/blog\/ferias-na-neve\/"},"wordCount":1020,"commentCount":0,"image":{"@id":"https:\/\/holhos.com.br\/blog\/ferias-na-neve\/#primaryimage"},"thumbnailUrl":"https:\/\/holhos.com.br\/blog\/wp-content\/uploads\/iStock-587944098.jpg","keywords":["olhos"],"articleSection":["Cuidados"],"inLanguage":"pt-BR","potentialAction":[{"@type":"CommentAction","name":"Comment","target":["https:\/\/holhos.com.br\/blog\/ferias-na-neve\/#respond"]}]},{"@type":"WebPage","@id":"https:\/\/holhos.com.br\/blog\/ferias-na-neve\/","url":"https:\/\/holhos.com.br\/blog\/ferias-na-neve\/","name":"F\u00e9rias na neve: saiba como proteger os olhos em pa\u00edses frios - HOlhos","isPartOf":{"@id":"https:\/\/holhos.com.br\/blog\/#website"},"primaryImageOfPage":{"@id":"https:\/\/holhos.com.br\/blog\/ferias-na-neve\/#primaryimage"},"image":{"@id":"https:\/\/holhos.com.br\/blog\/ferias-na-neve\/#primaryimage"},"thumbnailUrl":"https:\/\/holhos.com.br\/blog\/wp-content\/uploads\/iStock-587944098.jpg","datePublished":"2017-12-22T12:21:40+00:00","dateModified":"2025-06-17T18:01:47+00:00","author":{"@id":"https:\/\/holhos.com.br\/blog\/#\/schema\/person\/542dd993649f9438b19cdbf2540be23d"},"description":"Pretende passar as f\u00e9rias curtindo o frio e a neve? Ent\u00e3o conhe\u00e7a aqui quais s\u00e3o os cuidados b\u00e1sicos necess\u00e1rios para proteger seu olhos.","breadcrumb":{"@id":"https:\/\/holhos.com.br\/blog\/ferias-na-neve\/#breadcrumb"},"inLanguage":"pt-BR","potentialAction":[{"@type":"ReadAction","target":["https:\/\/holhos.com.br\/blog\/ferias-na-neve\/"]}]},{"@type":"ImageObject","inLanguage":"pt-BR","@id":"https:\/\/holhos.com.br\/blog\/ferias-na-neve\/#primaryimage","url":"https:\/\/holhos.com.br\/blog\/wp-content\/uploads\/iStock-587944098.jpg","contentUrl":"https:\/\/holhos.com.br\/blog\/wp-content\/uploads\/iStock-587944098.jpg","width":1270,"height":826,"caption":"f\u00e9rias"},{"@type":"BreadcrumbList","@id":"https:\/\/holhos.com.br\/blog\/ferias-na-neve\/#breadcrumb","itemListElement":[{"@type":"ListItem","position":1,"name":"Home","item":"https:\/\/holhos.com.br\/blog\/"},{"@type":"ListItem","position":2,"name":"F\u00e9rias na neve: saiba como proteger os olhos em pa\u00edses frios"}]},{"@type":"WebSite","@id":"https:\/\/holhos.com.br\/blog\/#website","url":"https:\/\/holhos.com.br\/blog\/","name":"HOlhos","description":"Blog","potentialAction":[{"@type":"SearchAction","target":{"@type":"EntryPoint","urlTemplate":"https:\/\/holhos.com.br\/blog\/?s={search_term_string}"},"query-input":{"@type":"PropertyValueSpecification","valueRequired":true,"valueName":"search_term_string"}}],"inLanguage":"pt-BR"},{"@type":"Person","@id":"https:\/\/holhos.com.br\/blog\/#\/schema\/person\/542dd993649f9438b19cdbf2540be23d","name":"ComunicacaoHolhos","image":{"@type":"ImageObject","inLanguage":"pt-BR","@id":"https:\/\/secure.gravatar.com\/avatar\/3db906490c4168995a69a1c434230a85239247ef3b6e0a1f6348720043cdda91?s=96&d=mm&r=g","url":"https:\/\/secure.gravatar.com\/avatar\/3db906490c4168995a69a1c434230a85239247ef3b6e0a1f6348720043cdda91?s=96&d=mm&r=g","contentUrl":"https:\/\/secure.gravatar.com\/avatar\/3db906490c4168995a69a1c434230a85239247ef3b6e0a1f6348720043cdda91?s=96&d=mm&r=g","caption":"ComunicacaoHolhos"}}]}},"_links":{"self":[{"href":"https:\/\/holhos.com.br\/blog\/wp-json\/wp\/v2\/posts\/406","targetHints":{"allow":["GET"]}}],"collection":[{"href":"https:\/\/holhos.com.br\/blog\/wp-json\/wp\/v2\/posts"}],"about":[{"href":"https:\/\/holhos.com.br\/blog\/wp-json\/wp\/v2\/types\/post"}],"author":[{"embeddable":true,"href":"https:\/\/holhos.com.br\/blog\/wp-json\/wp\/v2\/users\/13"}],"replies":[{"embeddable":true,"href":"https:\/\/holhos.com.br\/blog\/wp-json\/wp\/v2\/comments?post=406"}],"version-history":[{"count":9,"href":"https:\/\/holhos.com.br\/blog\/wp-json\/wp\/v2\/posts\/406\/revisions"}],"predecessor-version":[{"id":2251,"href":"https:\/\/holhos.com.br\/blog\/wp-json\/wp\/v2\/posts\/406\/revisions\/2251"}],"wp:featuredmedia":[{"embeddable":true,"href":"https:\/\/holhos.com.br\/blog\/wp-json\/wp\/v2\/media\/396"}],"wp:attachment":[{"href":"https:\/\/holhos.com.br\/blog\/wp-json\/wp\/v2\/media?parent=406"}],"wp:term":[{"taxonomy":"category","embeddable":true,"href":"https:\/\/holhos.com.br\/blog\/wp-json\/wp\/v2\/categories?post=406"},{"taxonomy":"post_tag","embeddable":true,"href":"https:\/\/holhos.com.br\/blog\/wp-json\/wp\/v2\/tags?post=406"}],"curies":[{"name":"wp","href":"https:\/\/api.w.org\/{rel}","templated":true}]}}